{"id":86661,"date":"2025-11-07T20:10:22","date_gmt":"2025-11-08T02:10:22","guid":{"rendered":"https:\/\/zonaroja.com.mx\/?p=86661"},"modified":"2025-11-07T20:21:16","modified_gmt":"2025-11-08T02:21:16","slug":"seccion-22-vuelve-a-la-carga-ahora-en-nochixtlan-y-en-la-capital","status":"publish","type":"post","link":"https:\/\/zonaroja.com.mx\/?p=86661","title":{"rendered":"Secci\u00f3n 22 vuelve a la carga, ahora en Nochixtl\u00e1n y en la capital\u00a0"},"content":{"rendered":"\n<p>Lisbeth Mej\u00eda Reyes\/Zona Roja.<\/p>\n\n\n\n<p>Oaxaca, Oax., a 7 de noviembre de 2025.- Integrantes de la Secci\u00f3n 22 del Sindicato Nacional de Trabajadores de la Educaci\u00f3n (SNTE) se manifestaron este viernes en la ciudad de Oaxaca y en la supercarretera Oaxaca-Cuacnopalan, a la altura de Asunci\u00f3n Nochixtl\u00e1n, para exigir atenci\u00f3n a diversas demandas laborales y de salud.<\/p>\n\n\n\n<p>La primera manifestaci\u00f3n ocurri\u00f3 a la altura de Nochixtl\u00e1n, en la regi\u00f3n Mixteca, donde bloqueron el paso a las unidades de motor para exigir la entrega formal de una cl\u00ednica del ISSSTE en ese municipio.<\/p>\n\n\n\n<p>Tambi\u00e9n para demandar la dotaci\u00f3n de mobiliario y equipo tecnol\u00f3gico a las escuelas, con su respectiva entrega en Nochixtl\u00e1n.&nbsp;<\/p>\n\n\n\n<p>Asimismo, para pedir la destituci\u00f3n inmediata de la titular del Centro Coordinador de Pueblos Ind\u00edgenas (CCPI) Nochixtl\u00e1n y que se construya un Centro Cultural-Magisterial en Nochixtl\u00e1n.&nbsp;<\/p>\n\n\n\n<p>Hasta la noche se retir\u00f3 la movilizaci\u00f3n, con severas afectaciones al tr\u00e1nsito vehicular y al transporte en general.<\/p>\n\n\n\n<p>La segunda protesta fue en la capital de Oaxaca, donde un grupo de la Secci\u00f3n 22 bloque\u00f3 la calzada H\u00e9roes de Chapultepec, en protesta por la anulaci\u00f3n del contrato de su compa\u00f1ero Jos\u00e9 Luis Garc\u00eda Henestrosa por parte del Instituto Estatal de Educaci\u00f3n P\u00fablica de Oaxaca (IEEPO).<\/p>\n\n\n\n<p>El profesor acus\u00f3 que el instituto violent\u00f3 sus derechos al rescindir el contrato manera unilateral y acus\u00e1ndolo de haber fungido como supervisor de una zona escolar.&nbsp;<\/p>\n\n\n\n<p>\u00abYo jam\u00e1s he tenido claves m\u00e1s que la administrativa\u00bb, como Personal de Apoyo y Asistencia a la Educaci\u00f3n (PAAE), explic\u00f3. Adem\u00e1s de calificar la medida como parte de una persecuci\u00f3n pol\u00edtica y laboral en su contra.<\/p>\n\n\n\n<p>Por eso tambi\u00e9n solicit\u00f3 el apoyo del \u00e1rea jur\u00eddica y de la comisi\u00f3n pol\u00edtica de la Secci\u00f3n 22, al advertir que esta medida del IEEPO tambi\u00e9n puede afectar a otros compa\u00f1eros.<\/p>\n\n\n\n<p>\u00abMi plaza es administrativa netamente, tengo 28 a\u00f1os de servicio\u00bb, dijo. Adem\u00e1s se\u00f1al\u00f3 que nunca fue notificado del proceso en su contra sino solamente se present\u00f3 personal del IEEPO para informarle de la rescisi\u00f3n.<\/p>\n\n\n\n<p>Durante la tarde el bloqueo se prolong\u00f3 hasta tres cruces de la calzada H\u00e9roes de Chapultepec y hasta el momento contin\u00faa en la esquina con avenida Ju\u00e1rez de la capita; no hay versi\u00f3n oficial al respecto.<\/p>\n","protected":false},"excerpt":{"rendered":"<p>Lisbeth Mej\u00eda Reyes\/Zona Roja. Oaxaca, Oax., a 7 de noviembre de 2025.- Integrantes de la&hellip;<\/p>\n","protected":false},"author":2,"featured_media":86662,"comment_status":"closed","ping_status":"open","sticky":false,"template":"","format":"standard","meta":{"_lmt_disableupdate":"","_lmt_disable":"","_jetpack_memberships_contains_paid_content":false,"footnotes":""},"categories":[109,47],"tags":[312],"class_list":["post-86661","post","type-post","status-publish","format-standard","has-post-thumbnail","hentry","category-minuto-a-minuto","category-zona-gris","tag-seccion-22-del-snte"],"jetpack_featured_media_url":"https:\/\/zonaroja.com.mx\/wp-content\/uploads\/2025\/11\/Bloqueo-Nochixtlan-Seccion-22.jpg","jetpack_sharing_enabled":true,"_links":{"self":[{"href":"https:\/\/zonaroja.com.mx\/index.php?rest_route=\/wp\/v2\/posts\/86661","targetHints":{"allow":["GET"]}}],"collection":[{"href":"https:\/\/zonaroja.com.mx\/index.php?rest_route=\/wp\/v2\/posts"}],"about":[{"href":"https:\/\/zonaroja.com.mx\/index.php?rest_route=\/wp\/v2\/types\/post"}],"author":[{"embeddable":true,"href":"https:\/\/zonaroja.com.mx\/index.php?rest_route=\/wp\/v2\/users\/2"}],"replies":[{"embeddable":true,"href":"https:\/\/zonaroja.com.mx\/index.php?rest_route=%2Fwp%2Fv2%2Fcomments&post=86661"}],"version-history":[{"count":2,"href":"https:\/\/zonaroja.com.mx\/index.php?rest_route=\/wp\/v2\/posts\/86661\/revisions"}],"predecessor-version":[{"id":86664,"href":"https:\/\/zonaroja.com.mx\/index.php?rest_route=\/wp\/v2\/posts\/86661\/revisions\/86664"}],"wp:featuredmedia":[{"embeddable":true,"href":"https:\/\/zonaroja.com.mx\/index.php?rest_route=\/wp\/v2\/media\/86662"}],"wp:attachment":[{"href":"https:\/\/zonaroja.com.mx\/index.php?rest_route=%2Fwp%2Fv2%2Fmedia&parent=86661"}],"wp:term":[{"taxonomy":"category","embeddable":true,"href":"https:\/\/zonaroja.com.mx\/index.php?rest_route=%2Fwp%2Fv2%2Fcategories&post=86661"},{"taxonomy":"post_tag","embeddable":true,"href":"https:\/\/zonaroja.com.mx\/index.php?rest_route=%2Fwp%2Fv2%2Ftags&post=86661"}],"curies":[{"name":"wp","href":"https:\/\/api.w.org\/{rel}","templated":true}]}}