{"id":86668,"date":"2025-11-08T09:45:00","date_gmt":"2025-11-08T15:45:00","guid":{"rendered":"https:\/\/zonaroja.com.mx\/?p=86668"},"modified":"2025-11-08T07:36:10","modified_gmt":"2025-11-08T13:36:10","slug":"voto-de-castigo-en-proceso-electoral-del-2027-alcaldesa-de-uruapan","status":"publish","type":"post","link":"https:\/\/zonaroja.com.mx\/?p=86668","title":{"rendered":"Voto de castigo en proceso electoral del 2027: alcaldesa de Uruapan"},"content":{"rendered":"\n<p>Redacci\u00f3n\/Zona Roja Cdmx.<\/p>\n\n\n\n<p>(Informaci\u00f3n de \u201cEl Financiero\u201d)<\/p>\n\n\n\n<p>Ciudad de M\u00e9xico, a 8 de noviembre de 2025.- Grecia Quiroz, alcaldesa de Uruapan quien tom\u00f3 el puesto tras la ejecuci\u00f3n de Carlos Manzo, su esposo, advirti\u00f3 a Morena de cuidarse en las urnas en las elecciones intermedias de 2027.<\/p>\n\n\n\n<p>\u201cQuienes mandaron matar a Carlos Manzo no supieron que este sombrero tiene una fuerza y que en 2027 les vamos a dar ese voto de castigo porque vamos a hacer valer y honrar su memoria\u201d, dijo este viernes 7 de noviembre.<\/p>\n\n\n\n<p>Grecia Quiroz habl\u00f3 ante cientos de personas que participaron en una marcha para exigir seguridad en el municipio. Ah\u00ed, la viuda de Carlos Manzo pidi\u00f3 que Uruapan la vea como un \u201cinstrumento\u201d de su exesposo para continuar su legado.<\/p>\n\n\n\n<p>\u201cHoy vengo a decirles que tendr\u00edan que matarnos a todos y cada uno de los que estamos en esta plaza para que esta lucha pare, para que esta lucha deje de caminar en las calles\u201d, recrimin\u00f3.<\/p>\n\n\n\n<p>Grecia Quiroz tambi\u00e9n aclar\u00f3 de qu\u00e9 habl\u00f3 en la reuni\u00f3n que tuvo con Claudia Sheinbaum en Palacio Nacional unas horas antes de que el Congreso de Michoac\u00e1n aprobara su designaci\u00f3n como alcaldesa de Uruapan.<\/p>\n\n\n\n<p>\u201cQuiero que sepan que la reuni\u00f3n con la presidenta de M\u00e9xico no fue para doblar las manos, fue para exigir justicia. Justicia para Carlos Manzo. Fue para ir a exigir que volteen a ver a nuestro municipio\u00bb, declar\u00f3.<\/p>\n\n\n\n<p>El homicidio de Carlos Manzo provoc\u00f3 que el Gobierno de M\u00e9xico anunciar\u00e1 el Plan Michoac\u00e1n para la Justicia y la Paz y que varios elementos del gabinete se desplazaran al estado para entrevistarse con asociaciones.<\/p>\n\n\n\n<p>Claudia Sheinbaum adelant\u00f3 que todos los detalles del Plan Michoac\u00e1n ser\u00e1n presentados el pr\u00f3ximo domingo 9 de noviembre en Palacio Nacional. \u201cMichoac\u00e1n nunca se ha rendido y nosotros tampoco\u201d, remarc\u00f3.<\/p>\n\n\n\n<p>EL PROCESO<\/p>\n\n\n\n<p>Est\u00e1 en juego la gubernatura, un puesto ganado por Alfredo Ram\u00edrez Bedolla, quien fue increpado en el funeral de Carlos Manzo el fin de semana pasado.<\/p>\n\n\n\n<p>Bedolla fue agredido a gritos al interior de la funeraria y la situaci\u00f3n fue igual de tensa a su salida, pues los asistentes no dejaron de gritarle \u201cfuera asesino\u201d y \u201cdelincuente\u201d.<\/p>\n\n\n\n<p>Michoac\u00e1n forma parte de la \u2018ola guinda\u2019 que Morena consigui\u00f3 en las elecciones intermedias de 2021 en las que gan\u00f3 11 de las 15 gubernaturas que estaban en juego mientras que Ricardo Gallardo del Partido Verde, su aliado, triunf\u00f3 en San Luis Potos\u00ed. Solo tres entidades fueron conquistadas por otros partidos: Chihuahua y Quer\u00e9taro por el PAN, y Nuevo Le\u00f3n por Movimiento Ciudadano.<\/p>\n\n\n\n<p>Uruapan tambi\u00e9n tendr\u00e1 elecciones en 2027: Fue hace un a\u00f1o, en 2024, cuando Carlos Manzo se llev\u00f3 la presidencia del municipio como candidato independiente y arropado por el Movimiento del Sombrero, una corriente apartidista que gan\u00f3 notoriedad en Michoac\u00e1n.<\/p>\n","protected":false},"excerpt":{"rendered":"<p>Redacci\u00f3n\/Zona Roja Cdmx. (Informaci\u00f3n de \u201cEl Financiero\u201d) Ciudad de M\u00e9xico, a 8 de noviembre de&hellip;<\/p>\n","protected":false},"author":2,"featured_media":86669,"comment_status":"closed","ping_status":"open","sticky":false,"template":"","format":"standard","meta":{"_lmt_disableupdate":"","_lmt_disable":"","_jetpack_memberships_contains_paid_content":false,"footnotes":""},"categories":[109,47],"tags":[4515,507],"class_list":["post-86668","post","type-post","status-publish","format-standard","has-post-thumbnail","hentry","category-minuto-a-minuto","category-zona-gris","tag-grecia-itzel-quiroz","tag-uruapan-michoacan-2"],"jetpack_featured_media_url":"https:\/\/zonaroja.com.mx\/wp-content\/uploads\/2025\/11\/Marcha-Uruapan-Michoacan-Carlos-Manzo.jpg","jetpack_sharing_enabled":true,"_links":{"self":[{"href":"https:\/\/zonaroja.com.mx\/index.php?rest_route=\/wp\/v2\/posts\/86668","targetHints":{"allow":["GET"]}}],"collection":[{"href":"https:\/\/zonaroja.com.mx\/index.php?rest_route=\/wp\/v2\/posts"}],"about":[{"href":"https:\/\/zonaroja.com.mx\/index.php?rest_route=\/wp\/v2\/types\/post"}],"author":[{"embeddable":true,"href":"https:\/\/zonaroja.com.mx\/index.php?rest_route=\/wp\/v2\/users\/2"}],"replies":[{"embeddable":true,"href":"https:\/\/zonaroja.com.mx\/index.php?rest_route=%2Fwp%2Fv2%2Fcomments&post=86668"}],"version-history":[{"count":1,"href":"https:\/\/zonaroja.com.mx\/index.php?rest_route=\/wp\/v2\/posts\/86668\/revisions"}],"predecessor-version":[{"id":86670,"href":"https:\/\/zonaroja.com.mx\/index.php?rest_route=\/wp\/v2\/posts\/86668\/revisions\/86670"}],"wp:featuredmedia":[{"embeddable":true,"href":"https:\/\/zonaroja.com.mx\/index.php?rest_route=\/wp\/v2\/media\/86669"}],"wp:attachment":[{"href":"https:\/\/zonaroja.com.mx\/index.php?rest_route=%2Fwp%2Fv2%2Fmedia&parent=86668"}],"wp:term":[{"taxonomy":"category","embeddable":true,"href":"https:\/\/zonaroja.com.mx\/index.php?rest_route=%2Fwp%2Fv2%2Fcategories&post=86668"},{"taxonomy":"post_tag","embeddable":true,"href":"https:\/\/zonaroja.com.mx\/index.php?rest_route=%2Fwp%2Fv2%2Ftags&post=86668"}],"curies":[{"name":"wp","href":"https:\/\/api.w.org\/{rel}","templated":true}]}}