{"id":8667,"date":"2020-02-11T22:34:17","date_gmt":"2020-02-12T04:34:17","guid":{"rendered":"http:\/\/www.zonaroja.com.mx\/?p=8667"},"modified":"2020-02-11T22:51:22","modified_gmt":"2020-02-12T04:51:22","slug":"registra-oaxaca-tres-homicidios-uno-de-ellos-con-signos-de-ejecucion","status":"publish","type":"post","link":"https:\/\/zonaroja.com.mx\/?p=8667","title":{"rendered":"Registra Oaxaca tres homicidios, uno de ellos con signos de ejecuci\u00f3n"},"content":{"rendered":"\n<p>Redacci\u00f3n\/Zona Roja.<\/p>\n\n\n\n<p>Oaxaca de Ju\u00e1rez, Oax., 11 de febrero\nde 2020.- Un enfrentamiento armado y tres homicidios se registraron este martes\nen distintos puntos del estado de Oaxaca, uno de ellos con signos de ejecuci\u00f3n.<\/p>\n\n\n\n<p>De acuerdo con informes policiacos,\nsobre la v\u00eda local que conduce a la comunidad de La Chuparrosa, del municipio\nde Jalapa de D\u00edaz, fue localizado un cuerpo, con disparos de arma de fuego,\nalgunos de ellos en la cabeza.<\/p>\n\n\n\n<p>La v\u00edctima a\u00fan no ha sido identificada y el cad\u00e1ver fue levantado por personal de la Vicefiscal\u00eda Regional de la Cuenca.<\/p>\n\n\n\n<p>En tanto, esta noche en Pinotepa\nNacional se registr\u00f3 un enfrentamiento armado entre elementos de la Agencia\nEstatal de Investigaciones, de la Fiscal\u00eda General del Estado, y presuntos\ndelincuentes; el saldo extraoficial es de al menos dos personas fallecidas; no\nobstante, autoridades estatales no han confirmado las v\u00edctimas.<\/p>\n\n\n\n<p>Tambi\u00e9n en Pinotepa pero durante la\nma\u00f1ana, un individuo fue golpeado y falleci\u00f3 cuando era atendido en un\nhospital; tampoco ha sido identificada la v\u00edctima.<\/p>\n\n\n\n<p>Mientras que al mediod\u00eda, en un\ndepartamento ubicado en un edificio de la calle Circuito Sur, fraccionamiento\nEl Rosario de San Sebasti\u00e1n Tutla, regi\u00f3n Valles Centrales, se suscit\u00f3 una ri\u00f1a\nfamiliar.<\/p>\n\n\n\n<p>Lo anterior dej\u00f3 como resultado una\npersona fallecida, de nombre \u00c9der Wilfrido L., quien fue asesinado con arma\nblanca presuntamente por su hermano, quien fue detenido en el lugar de los\nhechos.<\/p>\n","protected":false},"excerpt":{"rendered":"<p>Redacci\u00f3n\/Zona Roja. Oaxaca de Ju\u00e1rez, Oax., 11 de febrero de 2020.- Un enfrentamiento armado y&hellip;<\/p>\n","protected":false},"author":2,"featured_media":8668,"comment_status":"closed","ping_status":"open","sticky":false,"template":"","format":"standard","meta":{"_lmt_disableupdate":"","_lmt_disable":"","_jetpack_memberships_contains_paid_content":false,"footnotes":""},"categories":[109,51],"tags":[1116,651],"class_list":["post-8667","post","type-post","status-publish","format-standard","has-post-thumbnail","hentry","category-minuto-a-minuto","category-zona-roja","tag-san-sebastian-tutla","tag-santiago-pinotepa-nacional"],"jetpack_featured_media_url":"https:\/\/zonaroja.com.mx\/wp-content\/uploads\/2020\/02\/Asesinado-El-Rosario.jpg","jetpack_sharing_enabled":true,"_links":{"self":[{"href":"https:\/\/zonaroja.com.mx\/index.php?rest_route=\/wp\/v2\/posts\/8667","targetHints":{"allow":["GET"]}}],"collection":[{"href":"https:\/\/zonaroja.com.mx\/index.php?rest_route=\/wp\/v2\/posts"}],"about":[{"href":"https:\/\/zonaroja.com.mx\/index.php?rest_route=\/wp\/v2\/types\/post"}],"author":[{"embeddable":true,"href":"https:\/\/zonaroja.com.mx\/index.php?rest_route=\/wp\/v2\/users\/2"}],"replies":[{"embeddable":true,"href":"https:\/\/zonaroja.com.mx\/index.php?rest_route=%2Fwp%2Fv2%2Fcomments&post=8667"}],"version-history":[{"count":2,"href":"https:\/\/zonaroja.com.mx\/index.php?rest_route=\/wp\/v2\/posts\/8667\/revisions"}],"predecessor-version":[{"id":8670,"href":"https:\/\/zonaroja.com.mx\/index.php?rest_route=\/wp\/v2\/posts\/8667\/revisions\/8670"}],"wp:featuredmedia":[{"embeddable":true,"href":"https:\/\/zonaroja.com.mx\/index.php?rest_route=\/wp\/v2\/media\/8668"}],"wp:attachment":[{"href":"https:\/\/zonaroja.com.mx\/index.php?rest_route=%2Fwp%2Fv2%2Fmedia&parent=8667"}],"wp:term":[{"taxonomy":"category","embeddable":true,"href":"https:\/\/zonaroja.com.mx\/index.php?rest_route=%2Fwp%2Fv2%2Fcategories&post=8667"},{"taxonomy":"post_tag","embeddable":true,"href":"https:\/\/zonaroja.com.mx\/index.php?rest_route=%2Fwp%2Fv2%2Ftags&post=8667"}],"curies":[{"name":"wp","href":"https:\/\/api.w.org\/{rel}","templated":true}]}}