{"id":86671,"date":"2025-11-08T08:36:00","date_gmt":"2025-11-08T14:36:00","guid":{"rendered":"https:\/\/zonaroja.com.mx\/?p=86671"},"modified":"2025-11-08T07:48:46","modified_gmt":"2025-11-08T13:48:46","slug":"comunidades-rechazan-acusaciones-de-la-seccion-22-en-la-mixteca","status":"publish","type":"post","link":"https:\/\/zonaroja.com.mx\/?p=86671","title":{"rendered":"Comunidades rechazan acusaciones de la Secci\u00f3n 22 en la Mixteca"},"content":{"rendered":"\n<p>Lisbeth Mej\u00eda Reyes\/Zona Roja.<\/p>\n\n\n\n<p>Oaxaca, Oax., a 8 de noviembre de 2025.- Autoridades de varios municipios del distrito de Nochixtl\u00e1n negaron los se\u00f1alamientos de la Secci\u00f3n 22 del magisterio oaxaque\u00f1o en contra de la titular del Centro Coordinador de Pueblos Ind\u00edgenas (CCPI), Itaye\u00e9 Cruz Guevara, por presuntamente atentar contra los derechos de los trabajadores y tener un mal manejo de comedores comunitarios y albergues escolares.<\/p>\n\n\n\n<p>El centro coordinador es parte del Instituto Nacional de los Pueblos Ind\u00edgenas (INPI) y de acuerdo con las autoridades municipales el CCPI de Nochixtl\u00e1n es vital para \u00abel funcionamiento \u00f3ptimo y humanista de las casas escolares de la ni\u00f1ez ind\u00edgena,&nbsp;comedores escolares de la ni\u00f1ez ind\u00edgena, casas comunitarias del estudiante ind\u00edgena y comedores comunitarios del estudiante ind\u00edgena\u201d.<\/p>\n\n\n\n<p>Adem\u00e1s de que se\u00f1alar que lo que la &nbsp;representaci\u00f3n sindical llama como atentado a sus derechos laborales ellos lo ven \u00abcomo transparencia y cumplimiento de formalidades administrativas que son primordiales para las reglas de operaci\u00f3n de cada programa\u00bb.<\/p>\n\n\n\n<p>A trav\u00e9s de un pronunciamiento emitido este viernes rechazaron \u00abtodo intento de chantaje y amedrentaci\u00f3n en contra del personal del CCPI-Nochixtl\u00e1n\u201d.&nbsp;<\/p>\n\n\n\n<p>Lo anterior ante la protesta que realiz\u00f3 el sector Nochixtl\u00e1n de la Secci\u00f3n 22, la cual bloque\u00f3 el entronque de la supercarretera Oaxaca-Cuacnopalan y la carretera federal 190, a la altura de Nochixtl\u00e1n, para exigir la destituci\u00f3n de la titular del CCPI de Nochixtl\u00e1n. Adem\u00e1s de otras demandas como la entrega formal de la unidad de medicina familiar del ISSSTE.<\/p>\n\n\n\n<p>Las autoridades beneficiarias del Programa de Apoyo a la Educaci\u00f3n Ind\u00edgena (PAEI) dijeron entender la preocupaci\u00f3n de los agremiados de la Secci\u00f3n 22 por sus derechos, pero tambi\u00e9n se mostraron preocupadas por la ni\u00f1ez y j\u00f3venes de sus municipios, quienes a ra\u00edz de la protesta de este viernes se quedaron sin el servicio de alimentaci\u00f3n.<\/p>\n\n\n\n<p>\u00abEn ese mismo sentido como autoridades merecemos una explicaci\u00f3n por parte de la jefatura de nivel ind\u00edgena, pues en ning\u00fan momento hemos sido tomados en cuenta como comunidades y toman decisiones por cuenta propia\u00bb, externaron.<\/p>\n\n\n\n<p>Este viernes, integrante de la Secci\u00f3n 22 se movilizaron en Nochixtl\u00e1n y en la ciudad de Oaxaca por causas distintas. En Nochixtl\u00e1n fue para exigir la dotaci\u00f3n de mobiliario y equipo tecnol\u00f3gico a las escuelas, con su respectiva entrega en Nochixtl\u00e1n, as\u00ed como la entrega de la cl\u00ednica, la destituci\u00f3n inmediata de la titular del Centro Coordinador de Pueblos Ind\u00edgenas (CCPI) Nochixtl\u00e1n y que se construya un Centro Cultural-Magisterial en Nochixtl\u00e1n.<\/p>\n\n\n\n<p>En la capital fue en apoyo a un ex l\u00edder magisterial, Jos\u00e9 Luis Garc\u00eda Henestrosa, quien denunci\u00f3 haber sido despedido injustificadamente por el Instituto Estatal de Educaci\u00f3n P\u00fablica de Oaxaca (IEEPO).<\/p>\n","protected":false},"excerpt":{"rendered":"<p>Lisbeth Mej\u00eda Reyes\/Zona Roja. Oaxaca, Oax., a 8 de noviembre de 2025.- Autoridades de varios&hellip;<\/p>\n","protected":false},"author":2,"featured_media":86672,"comment_status":"closed","ping_status":"open","sticky":false,"template":"","format":"standard","meta":{"_lmt_disableupdate":"","_lmt_disable":"","_jetpack_memberships_contains_paid_content":false,"footnotes":""},"categories":[109,46],"tags":[],"class_list":["post-86671","post","type-post","status-publish","format-standard","has-post-thumbnail","hentry","category-minuto-a-minuto","category-zona-blanca"],"jetpack_featured_media_url":"https:\/\/zonaroja.com.mx\/wp-content\/uploads\/2025\/11\/Oficio-comunidades-Mixteca-caso-Seccion-22-INPI.jpg","jetpack_sharing_enabled":true,"_links":{"self":[{"href":"https:\/\/zonaroja.com.mx\/index.php?rest_route=\/wp\/v2\/posts\/86671","targetHints":{"allow":["GET"]}}],"collection":[{"href":"https:\/\/zonaroja.com.mx\/index.php?rest_route=\/wp\/v2\/posts"}],"about":[{"href":"https:\/\/zonaroja.com.mx\/index.php?rest_route=\/wp\/v2\/types\/post"}],"author":[{"embeddable":true,"href":"https:\/\/zonaroja.com.mx\/index.php?rest_route=\/wp\/v2\/users\/2"}],"replies":[{"embeddable":true,"href":"https:\/\/zonaroja.com.mx\/index.php?rest_route=%2Fwp%2Fv2%2Fcomments&post=86671"}],"version-history":[{"count":1,"href":"https:\/\/zonaroja.com.mx\/index.php?rest_route=\/wp\/v2\/posts\/86671\/revisions"}],"predecessor-version":[{"id":86673,"href":"https:\/\/zonaroja.com.mx\/index.php?rest_route=\/wp\/v2\/posts\/86671\/revisions\/86673"}],"wp:featuredmedia":[{"embeddable":true,"href":"https:\/\/zonaroja.com.mx\/index.php?rest_route=\/wp\/v2\/media\/86672"}],"wp:attachment":[{"href":"https:\/\/zonaroja.com.mx\/index.php?rest_route=%2Fwp%2Fv2%2Fmedia&parent=86671"}],"wp:term":[{"taxonomy":"category","embeddable":true,"href":"https:\/\/zonaroja.com.mx\/index.php?rest_route=%2Fwp%2Fv2%2Fcategories&post=86671"},{"taxonomy":"post_tag","embeddable":true,"href":"https:\/\/zonaroja.com.mx\/index.php?rest_route=%2Fwp%2Fv2%2Ftags&post=86671"}],"curies":[{"name":"wp","href":"https:\/\/api.w.org\/{rel}","templated":true}]}}