{"id":86674,"date":"2025-11-08T10:48:00","date_gmt":"2025-11-08T16:48:00","guid":{"rendered":"https:\/\/zonaroja.com.mx\/?p=86674"},"modified":"2025-11-08T07:51:59","modified_gmt":"2025-11-08T13:51:59","slug":"inauguran-mas-obras-publicas-en-santa-cruz-xoxocotlan","status":"publish","type":"post","link":"https:\/\/zonaroja.com.mx\/?p=86674","title":{"rendered":"Inauguran m\u00e1s obras p\u00fablicas en Santa Cruz Xoxocotl\u00e1n"},"content":{"rendered":"\n<p>Redacci\u00f3n\/Zona Roja.<\/p>\n\n\n\n<p>Oaxaca, Oax., a 8 de noviembre de 2025.- Una ola de alegr\u00eda y progreso recorri\u00f3 las colonias Francisco I. Madero, Colinas de San Jos\u00e9 y Colinas de Santa Clara, donde se inauguraron obras de pavimentaci\u00f3n que cambian la historia de cientos de familias, al poner fin a d\u00e9cadas de caminar entre el polvo y el lodo.<\/p>\n\n\n\n<p>Los nuevos caminos de concreto y adoqu\u00edn no solo mejoran la movilidad, sino que representan un s\u00edmbolo de dignidad para m\u00e1s de 400 habitantes que por fin ven cumplido un anhelo largamente esperado.<\/p>\n\n\n\n<p>\u00abTenemos aproximadamente 20 a\u00f1os viviendo en esta calle; era una v\u00eda descompuesta, con muchas irregularidades\u00bb, expres\u00f3 Esteban Flores Meza, habitante de la colonia Francisco I. Madero.<\/p>\n\n\n\n<p>\u00abAntes ten\u00edamos que echar revestimiento porque las administraciones pasadas no hac\u00edan caso a nuestras peticiones de obra. Hoy la administraci\u00f3n actual cumpli\u00f3 con la pavimentaci\u00f3n\u00bb, agreg\u00f3.<\/p>\n\n\n\n<p>Al entregar estas obras, la presidenta municipal, Nancy Ben\u00edtez Z\u00e1rate, acompa\u00f1ada por integrantes del Cabildo, destac\u00f3 la importancia del trabajo conjunto.<\/p>\n\n\n\n<p>\u00abCuando se trabaja en equipo, se logran grandes cosas. Cada calle pavimentada es un granito de arena para hacer de Xoxocotl\u00e1n un lugar mejor\u00bb, afirm\u00f3.<\/p>\n\n\n\n<p>Las obras se ejecutaron con recursos del Fondo de Aportaciones para la Infraestructura Social Municipal (FAISMUN).<\/p>\n\n\n\n<p>El proyecto incluye mejoras complementarias que incrementan la accesibilidad al servicio de transporte p\u00fablico y facilitan la vida diaria de las familias.<\/p>\n\n\n\n<p>Entre aplausos y sonrisas, las y los colonos caminaron sobre el nuevo pavimento. En cada paso se reflejaba el esfuerzo colectivo y la convicci\u00f3n de que, en Xoxocotl\u00e1n, los cambios se construyen desde el suelo, con trabajo y esperanza.<\/p>\n\n\n\n<p>DEUDA SALDADA&nbsp;<\/p>\n\n\n\n<p>Durante cuatro a\u00f1os, la puerta del Centro de Salud Urbano 6 de Santa Cruz Xoxocotl\u00e1n permaneci\u00f3 cerrada. Las familias pasaban por el frente con la esperanza de volver a ver personal m\u00e9dico, de enfermer\u00eda y medicamentos disponibles.<\/p>\n\n\n\n<p>Hoy, la puerta se abri\u00f3: Xoxocotl\u00e1n volvi\u00f3 a tener atenci\u00f3n m\u00e9dica, gracias a una gesti\u00f3n que puso la salud donde debe estar: en el centro de la vida comunitaria.&nbsp;<\/p>\n\n\n\n<p>El Centro de Salud fue cerrado hace cuatro a\u00f1os por falta de mantenimiento y recursos, lo que dej\u00f3 a unas 47 mil personas sin atenci\u00f3n m\u00e9dica b\u00e1sica. Durante ese tiempo, muchas familias deb\u00edan trasladarse a otros puntos o esperar jornadas itinerantes para recibir atenci\u00f3n.<\/p>\n\n\n\n<p>Con una poblaci\u00f3n de m\u00e1s de 100 mil habitantes, de acuerdo con datos del Censo 2020 del Inegi, el cierre de este espacio signific\u00f3 para las familias xoxe\u00f1as un impacto considerable en tiempo, distancia y econom\u00eda.<\/p>\n\n\n\n<p>Aunque el municipio cuenta con siete centros de salud y 17 casas de salud municipales, entre ellas una con atenci\u00f3n especializada en adolescentes, la cantidad de habitantes rebasa la capacidad instalada para brindar servicios.&nbsp;<\/p>\n\n\n\n<p>La urgencia de contar no solo con el Centro de Salud Urbano 6, sino con un espacio m\u00e1s amplio, es apremiante.<\/p>\n\n\n\n<p>\u201cEstoy muy agradecida de que abrieran el centro de salud, ya lo necesit\u00e1bamos. Es un servicio muy importante porque hay mucha gente con enfermedades; hemos esperado por a\u00f1os\u201d, expres\u00f3 Elsa Mar\u00eda del Mar Rodr\u00edguez D\u00edaz, vecina de la cabecera municipal.<\/p>\n","protected":false},"excerpt":{"rendered":"<p>Redacci\u00f3n\/Zona Roja. Oaxaca, Oax., a 8 de noviembre de 2025.- Una ola de alegr\u00eda y&hellip;<\/p>\n","protected":false},"author":2,"featured_media":86675,"comment_status":"closed","ping_status":"open","sticky":false,"template":"","format":"standard","meta":{"_lmt_disableupdate":"","_lmt_disable":"","_jetpack_memberships_contains_paid_content":false,"footnotes":""},"categories":[109,46],"tags":[133],"class_list":["post-86674","post","type-post","status-publish","format-standard","has-post-thumbnail","hentry","category-minuto-a-minuto","category-zona-blanca","tag-santa-cruz-xoxocotlan"],"jetpack_featured_media_url":"https:\/\/zonaroja.com.mx\/wp-content\/uploads\/2025\/11\/Inauguran-en-Xoxocotlan-pavimentaciones-que-hacen-historia-1.jpeg","jetpack_sharing_enabled":true,"_links":{"self":[{"href":"https:\/\/zonaroja.com.mx\/index.php?rest_route=\/wp\/v2\/posts\/86674","targetHints":{"allow":["GET"]}}],"collection":[{"href":"https:\/\/zonaroja.com.mx\/index.php?rest_route=\/wp\/v2\/posts"}],"about":[{"href":"https:\/\/zonaroja.com.mx\/index.php?rest_route=\/wp\/v2\/types\/post"}],"author":[{"embeddable":true,"href":"https:\/\/zonaroja.com.mx\/index.php?rest_route=\/wp\/v2\/users\/2"}],"replies":[{"embeddable":true,"href":"https:\/\/zonaroja.com.mx\/index.php?rest_route=%2Fwp%2Fv2%2Fcomments&post=86674"}],"version-history":[{"count":1,"href":"https:\/\/zonaroja.com.mx\/index.php?rest_route=\/wp\/v2\/posts\/86674\/revisions"}],"predecessor-version":[{"id":86676,"href":"https:\/\/zonaroja.com.mx\/index.php?rest_route=\/wp\/v2\/posts\/86674\/revisions\/86676"}],"wp:featuredmedia":[{"embeddable":true,"href":"https:\/\/zonaroja.com.mx\/index.php?rest_route=\/wp\/v2\/media\/86675"}],"wp:attachment":[{"href":"https:\/\/zonaroja.com.mx\/index.php?rest_route=%2Fwp%2Fv2%2Fmedia&parent=86674"}],"wp:term":[{"taxonomy":"category","embeddable":true,"href":"https:\/\/zonaroja.com.mx\/index.php?rest_route=%2Fwp%2Fv2%2Fcategories&post=86674"},{"taxonomy":"post_tag","embeddable":true,"href":"https:\/\/zonaroja.com.mx\/index.php?rest_route=%2Fwp%2Fv2%2Ftags&post=86674"}],"curies":[{"name":"wp","href":"https:\/\/api.w.org\/{rel}","templated":true}]}}