{"id":86677,"date":"2025-11-08T11:52:00","date_gmt":"2025-11-08T17:52:00","guid":{"rendered":"https:\/\/zonaroja.com.mx\/?p=86677"},"modified":"2025-11-08T07:55:18","modified_gmt":"2025-11-08T13:55:18","slug":"participo-en-el-crimen-de-individuo-en-oaxaca-capital-lo-envolvio-y-tiro-a-la-calle","status":"publish","type":"post","link":"https:\/\/zonaroja.com.mx\/?p=86677","title":{"rendered":"Particip\u00f3 en el crimen de individuo en Oaxaca capital; lo envolvi\u00f3 y tir\u00f3 a la calle"},"content":{"rendered":"\n<p>Redacci\u00f3n\/Zona Roja.&nbsp;<\/p>\n\n\n\n<p>Oaxaca, Oax., a 7 de noviembre de 2025.- La Fiscal\u00eda General del Estado de Oaxaca (FGEO) ejecut\u00f3 la detenci\u00f3n legal de N.G.A.C., alias \u201cEl Taz\u201d, por el delito de Homicidio Calificado, en agravio de S.N.O., alias \u201cChaparrito\u201d, \u201cChapis\u201d o \u201cChoki\u201d, cuyo cuerpo fue localizado en calles de la colonia Jard\u00edn de la capital.<\/p>\n\n\n\n<p>Los trabajos de inteligencia criminal que realiza la Fiscal\u00eda de Oaxaca, a trav\u00e9s de la Fiscal\u00eda Especializada para la Atenci\u00f3n a Delitos de Alto Impacto, permiti\u00f3 establecer las l\u00edneas de investigaci\u00f3n que condujeron a la identificaci\u00f3n de N.G.A.C., alias \u201cEl Taz\u201d, se\u00f1alado como el principal responsable de esta agresi\u00f3n.<\/p>\n\n\n\n<p>Derivado de este trabajo ministerial, se obtuvo una orden de aprehensi\u00f3n que hizo posible la detenci\u00f3n legal del imputado, adem\u00e1s que se solicit\u00f3 la vinculaci\u00f3n a proceso por el delito de homicidio calificado.<\/p>\n\n\n\n<p>De acuerdo con las indagatorias, los hechos ocurrieron en un domicilio en la colonia Jard\u00edn, de la ciudad de Oaxaca de Ju\u00e1rez donde la v\u00edctima, una persona del sexo masculino identificado como S.N.O., alias \u201cChaparrito\u201d, \u201cChapis\u201d o \u201cChoki\u201d, tuvo problemas interpersonales con los agresores con quienes habr\u00eda sostenido una discusi\u00f3n que deriv\u00f3 en un ataque en el que lo golpearon para luego envolver el cuerpo con diferentes materiales.<\/p>\n\n\n\n<p>Posteriormente, los responsables tomaron el cuerpo de la v\u00edctima y lo trasladaron a un par de cuadras de distancia del domicilio donde lo ten\u00edan para despu\u00e9s abandonarlo en la calle de Colorines, en la Colonia Jard\u00edn, sitio en el que lo localizaron el 14 de octubre de 2025.<\/p>\n\n\n\n<p>OTRO DETENIDO<\/p>\n\n\n\n<p>Por otra parte, como resultado de las investigaciones enfocadas a garantizar el derecho de ni\u00f1as, ni\u00f1os y adolescentes a una vida libre de violencia, la Fiscal\u00eda General del Estado de Oaxaca (FGEO) ejecut\u00f3 una orden de aprehensi\u00f3n contra una persona del sexo masculino identificada como R.G.S., por el delito de abuso sexual cometido en la regi\u00f3n de los Valles Centrales.<\/p>\n\n\n\n<p>De acuerdo con el expediente penal, los hechos ocurrieron el 8 de septiembre de 2020, en un domicilio ubicado en la unidad habitacional Ricardo Flores Mag\u00f3n Primera Etapa, en la ciudad de Oaxaca de Ju\u00e1rez, donde un hombre adulto tuvo conductas sexuales il\u00edcitas que se configuran como el delito de abuso sexual en agravio de un adolescente -que en ese tiempo contaba con 14 a\u00f1os de edad y cuya identidad est\u00e1 reservada por ley-.&nbsp;<\/p>\n\n\n\n<p>Derivado de la denuncia y tras realizar labores de investigaci\u00f3n especializadas, la FGEO, a trav\u00e9s de la Fiscal\u00eda Especializada en Justicia para Adolescentes y la Agencia Estatal de Investigaciones (AEI), logr\u00f3 la aprehensi\u00f3n de R.G.S., quien fue presentado ante el Juez para iniciar el proceso legal correspondiente.<\/p>\n","protected":false},"excerpt":{"rendered":"<p>Redacci\u00f3n\/Zona Roja.&nbsp; Oaxaca, Oax., a 7 de noviembre de 2025.- La Fiscal\u00eda General del Estado&hellip;<\/p>\n","protected":false},"author":2,"featured_media":86678,"comment_status":"closed","ping_status":"open","sticky":false,"template":"","format":"standard","meta":{"_lmt_disableupdate":"","_lmt_disable":"","_jetpack_memberships_contains_paid_content":false,"footnotes":""},"categories":[109,46],"tags":[494],"class_list":["post-86677","post","type-post","status-publish","format-standard","has-post-thumbnail","hentry","category-minuto-a-minuto","category-zona-blanca","tag-fiscalia-general-del-estado-de-oaxaca"],"jetpack_featured_media_url":"https:\/\/zonaroja.com.mx\/wp-content\/uploads\/2025\/11\/DEtenido-asesinato-colonia-Jardin-ciudad-de-Oaxaca-Fiscalia.jpg","jetpack_sharing_enabled":true,"_links":{"self":[{"href":"https:\/\/zonaroja.com.mx\/index.php?rest_route=\/wp\/v2\/posts\/86677","targetHints":{"allow":["GET"]}}],"collection":[{"href":"https:\/\/zonaroja.com.mx\/index.php?rest_route=\/wp\/v2\/posts"}],"about":[{"href":"https:\/\/zonaroja.com.mx\/index.php?rest_route=\/wp\/v2\/types\/post"}],"author":[{"embeddable":true,"href":"https:\/\/zonaroja.com.mx\/index.php?rest_route=\/wp\/v2\/users\/2"}],"replies":[{"embeddable":true,"href":"https:\/\/zonaroja.com.mx\/index.php?rest_route=%2Fwp%2Fv2%2Fcomments&post=86677"}],"version-history":[{"count":1,"href":"https:\/\/zonaroja.com.mx\/index.php?rest_route=\/wp\/v2\/posts\/86677\/revisions"}],"predecessor-version":[{"id":86679,"href":"https:\/\/zonaroja.com.mx\/index.php?rest_route=\/wp\/v2\/posts\/86677\/revisions\/86679"}],"wp:featuredmedia":[{"embeddable":true,"href":"https:\/\/zonaroja.com.mx\/index.php?rest_route=\/wp\/v2\/media\/86678"}],"wp:attachment":[{"href":"https:\/\/zonaroja.com.mx\/index.php?rest_route=%2Fwp%2Fv2%2Fmedia&parent=86677"}],"wp:term":[{"taxonomy":"category","embeddable":true,"href":"https:\/\/zonaroja.com.mx\/index.php?rest_route=%2Fwp%2Fv2%2Fcategories&post=86677"},{"taxonomy":"post_tag","embeddable":true,"href":"https:\/\/zonaroja.com.mx\/index.php?rest_route=%2Fwp%2Fv2%2Ftags&post=86677"}],"curies":[{"name":"wp","href":"https:\/\/api.w.org\/{rel}","templated":true}]}}