{"id":86685,"date":"2025-11-08T16:13:00","date_gmt":"2025-11-08T22:13:00","guid":{"rendered":"https:\/\/zonaroja.com.mx\/?p=86685"},"modified":"2025-11-08T08:15:49","modified_gmt":"2025-11-08T14:15:49","slug":"advierten-cientificos-que-el-orbe-esta-por-entrar-en-era-de-huracanes-categoria-6","status":"publish","type":"post","link":"https:\/\/zonaroja.com.mx\/?p=86685","title":{"rendered":"Advierten cient\u00edficos que el orbe est\u00e1 por entrar en era de huracanes categor\u00eda 6"},"content":{"rendered":"\n<p>Redacci\u00f3n\/Zona Roja Cdmx.<\/p>\n\n\n\n<p>(Informaci\u00f3n de \u201cThe Independent\u201d en \u201cLa Jornada\u201d)<\/p>\n\n\n\n<p>Ciudad de M\u00e9xico, a 8 de noviembre de 2025.- Tras arrasar Jamaica y Cuba, el hurac\u00e1n Melissa se interna en el Atl\u00e1ntico, y algunos cient\u00edficos advierten que ya estamos entrando en la era de los huracanes categor\u00eda 6.<\/p>\n\n\n\n<p>Impulsadas por el cambio clim\u00e1tico causado por la actividad humana, estas tormentas son m\u00e1s intensas, se fortalecen con una velocidad sin precedente y avanzan a gran velocidad. Los expertos se\u00f1alan que provocan vientos capaces de arrancar techos y marejadas que inundan comunidades costeras con varios metros de agua, que puede tardar d\u00edas en retirarse, incluso cuando la tormenta ya se ha alejado.<\/p>\n\n\n\n<p>Los huracanes ya est\u00e1n superando el l\u00edmite superior de la escala Saffir-Simpson, que mide la intensidad del viento y los da\u00f1os que puede causar. Esta escala, que llega hasta la categor\u00eda 5, clasifica como \u201ccatastr\u00f3ficos\u201d a los vientos sostenidos de unos 252 kil\u00f3metros por hora. Sin embargo, desde 2013 al menos cinco ciclones tropicales habr\u00edan calificado como categor\u00eda 6 si esa clasificaci\u00f3n existiera.<\/p>\n\n\n\n<p>Cada vez m\u00e1s expertos consideran que la escala actual se ha quedado corta frente a la realidad clim\u00e1tica, y el reciente paso de Melissa parece confirmar esa sospecha.<\/p>\n\n\n\n<p>El hurac\u00e1n de categor\u00eda 5 \u2013el m\u00e1s devastador en la historia de Jamaica\u2013 estuvo cerca de alcanzar la categor\u00eda 6, seg\u00fan explic\u00f3 el climat\u00f3logo Michael Mann, profesor del Departamento de Ciencias de la Tierra y del Medio Ambiente de la Universidad de Pensilvania, en una entrevista con The Independent.<\/p>\n\n\n\n<p>Se ha propuesto que esta nueva categor\u00eda incluya huracanes con vientos sostenidos de m\u00e1s de 300 kil\u00f3metros por hora, capaces de provocar da\u00f1os muy superiores a los que pueden resistir las estructuras construidas bajo los est\u00e1ndares actuales de categor\u00eda 5.<\/p>\n\n\n\n<p>\u201cNo descartar\u00eda que, en el an\u00e1lisis posterior a la temporada, se ajusten las estimaciones de viento y posiblemente se superen los umbrales de una \u2018categor\u00eda 6\u2019\u201d, dijo por correo electr\u00f3nico, coincidiendo en que estas tormentas sobrealimentadas se est\u00e1n convirtiendo en la nueva normalidad y que es necesario replantear la forma en que se clasifican.<\/p>\n\n\n\n<p>\u201cMientras sigamos usando m\u00e9tricas basadas en la velocidad del viento, ya no tiene sentido \u2013ni desde lo matem\u00e1tico, ni desde lo econ\u00f3mico o social\u2013 limitar artificialmente la escala en la categor\u00eda 5\u201d, agreg\u00f3.<\/p>\n\n\n\n<p>Incluir una categor\u00eda 6 en la escala Saffir-Simpson, vigente desde 2010, permitir\u00eda reconocer los crecientes efectos del cambio clim\u00e1tico sobre los huracanes, incluido el mayor riesgo de da\u00f1os que provocan tormentas m\u00e1s intensas, explic\u00f3 a The Independent Katharine Hayhoe, cient\u00edfica jefe de The Nature Conservancy.<\/p>\n\n\n\n<p>Hayhoe considera que tambi\u00e9n podr\u00eda ser necesario rehacer por completo la escala para incorporar el factor de las precipitaciones, causantes de la mayor parte del impacto econ\u00f3mico que dejan los huracanes.<\/p>\n\n\n\n<p>Sin embargo, no todos los cient\u00edficos est\u00e1n de acuerdo en que sea necesario ampliar la escala, e incluso algunos no tienen una postura firme al respecto.<\/p>\n\n\n\n<p>\u201cNo creo que necesitemos una categor\u00eda 6. Que una zona quede inhabitable durante semanas o meses ya es lo peor que puede causar un hurac\u00e1n\u201d, declar\u00f3 el meteor\u00f3logo Phil Klotzbach, de la Universidad Estatal de Colorado.<\/p>\n\n\n\n<p>\u201cLa escala Saffir-Simpson existe desde hace d\u00e9cadas\u201d, explic\u00f3 Zachary Handlos, director del programa de Ciencias Atmosf\u00e9ricas y Oce\u00e1nicas en la Universidad Tecnol\u00f3gica de Georgia, al medio WCNC. \u201cSi la cambiamos, ser\u00e1 dif\u00edcil comparar tormentas nuevas con antiguas, a menos que reanalicemos todos los datos pasados. Estar\u00edamos modificando el est\u00e1ndar de lo que consideramos un hurac\u00e1n \u2018mayor\u2019\u201d.<\/p>\n\n\n\n<p>Por su parte, el meteor\u00f3logo Jeff Berardelli escribi\u00f3 en X: \u201cNo tengo una postura firme a favor o en contra. Pero si seguimos viendo tormentas que est\u00e1n en otra liga, necesitamos una forma de diferenciarlas, por as\u00ed decirlo\u201d.<\/p>\n\n\n\n<p>C\u00f3mo podr\u00eda lograrse eso a\u00fan no est\u00e1 claro. Lo que s\u00ed es evidente es que el cambio clim\u00e1tico est\u00e1 volviendo m\u00e1s frecuentes las tormentas que se intensifican con furia, como Melissa, y eso representa una amenaza cada vez mayor para la humanidad.<\/p>\n\n\n\n<p>Melissa fue una de las tormentas que m\u00e1s r\u00e1pido se intensificaron en la historia y empat\u00f3 como la m\u00e1s poderosa del Atl\u00e1ntico Norte en t\u00e9rminos de velocidad del viento y presi\u00f3n atmosf\u00e9rica.<\/p>\n\n\n\n<p>Un estudio reciente del Imperial College de Londres determin\u00f3 que el cambio clim\u00e1tico provocado por el ser humano hizo que Melissa fuera cuatro veces m\u00e1s probable, adem\u00e1s de aumentar su velocidad de viento en unos 18 kil\u00f3metros por hora.<\/p>\n\n\n\n<p>El aumento de la temperatura en los oc\u00e9anos es uno de los factores que est\u00e1n intensificando los vientos de los huracanes, explic\u00f3 Daniel Gilford, meteor\u00f3logo y cient\u00edfico atmosf\u00e9rico de Climate Central.<\/p>\n\n\n\n<p>\u201cEstamos en una etapa en la que estas tormentas ya se ubican en lo m\u00e1s alto de nuestra escala en cuanto a intensidad, seg\u00fan los par\u00e1metros de la escala Saffir-Simpson\u201d, explic\u00f3 Gilford.<\/p>\n\n\n\n<p>Y, a menos que se reduzcan las emisiones de gases de efecto invernadero, producidas en gran parte por la industria de los combustibles f\u00f3siles, estas amenazas seguir\u00e1n empeorando.<\/p>\n\n\n\n<p>\u201cNos toc\u00f3 vivir en el mundo que tenemos ahora. Estamos atrapados con el calentamiento que ya hemos experimentado: cerca de 1.3 grados Celsius por encima de los niveles preindustriales. Esa ser\u00e1 la temperatura con la que conviviremos durante nuestras vidas\u201d, afirm\u00f3 Gilford. \u201cPero a\u00fan podemos evitar que el problema empeore m\u00e1s. Si actuamos de inmediato para reducir nuestras emisiones, podemos limitar lo que viene\u201d.<\/p>\n","protected":false},"excerpt":{"rendered":"<p>Redacci\u00f3n\/Zona Roja Cdmx. (Informaci\u00f3n de \u201cThe Independent\u201d en \u201cLa Jornada\u201d) Ciudad de M\u00e9xico, a 8&hellip;<\/p>\n","protected":false},"author":2,"featured_media":70008,"comment_status":"closed","ping_status":"open","sticky":false,"template":"","format":"standard","meta":{"_lmt_disableupdate":"","_lmt_disable":"","_jetpack_memberships_contains_paid_content":false,"footnotes":""},"categories":[109,47],"tags":[],"class_list":["post-86685","post","type-post","status-publish","format-standard","has-post-thumbnail","hentry","category-minuto-a-minuto","category-zona-gris"],"jetpack_featured_media_url":"https:\/\/zonaroja.com.mx\/wp-content\/uploads\/2024\/07\/Huracan-Beryl.webp","jetpack_sharing_enabled":true,"_links":{"self":[{"href":"https:\/\/zonaroja.com.mx\/index.php?rest_route=\/wp\/v2\/posts\/86685","targetHints":{"allow":["GET"]}}],"collection":[{"href":"https:\/\/zonaroja.com.mx\/index.php?rest_route=\/wp\/v2\/posts"}],"about":[{"href":"https:\/\/zonaroja.com.mx\/index.php?rest_route=\/wp\/v2\/types\/post"}],"author":[{"embeddable":true,"href":"https:\/\/zonaroja.com.mx\/index.php?rest_route=\/wp\/v2\/users\/2"}],"replies":[{"embeddable":true,"href":"https:\/\/zonaroja.com.mx\/index.php?rest_route=%2Fwp%2Fv2%2Fcomments&post=86685"}],"version-history":[{"count":1,"href":"https:\/\/zonaroja.com.mx\/index.php?rest_route=\/wp\/v2\/posts\/86685\/revisions"}],"predecessor-version":[{"id":86686,"href":"https:\/\/zonaroja.com.mx\/index.php?rest_route=\/wp\/v2\/posts\/86685\/revisions\/86686"}],"wp:featuredmedia":[{"embeddable":true,"href":"https:\/\/zonaroja.com.mx\/index.php?rest_route=\/wp\/v2\/media\/70008"}],"wp:attachment":[{"href":"https:\/\/zonaroja.com.mx\/index.php?rest_route=%2Fwp%2Fv2%2Fmedia&parent=86685"}],"wp:term":[{"taxonomy":"category","embeddable":true,"href":"https:\/\/zonaroja.com.mx\/index.php?rest_route=%2Fwp%2Fv2%2Fcategories&post=86685"},{"taxonomy":"post_tag","embeddable":true,"href":"https:\/\/zonaroja.com.mx\/index.php?rest_route=%2Fwp%2Fv2%2Ftags&post=86685"}],"curies":[{"name":"wp","href":"https:\/\/api.w.org\/{rel}","templated":true}]}}