{"id":86687,"date":"2025-11-08T16:06:55","date_gmt":"2025-11-08T22:06:55","guid":{"rendered":"https:\/\/zonaroja.com.mx\/?p=86687"},"modified":"2025-11-08T16:06:55","modified_gmt":"2025-11-08T22:06:55","slug":"otra-vez-seccion-22-alista-protesta-de-secundarias-el-lunes-y-paro-de-48-horas","status":"publish","type":"post","link":"https:\/\/zonaroja.com.mx\/?p=86687","title":{"rendered":"\u00a1Otra vez! Secci\u00f3n 22 alista protesta de secundarias el lunes y paro de 48 horas&nbsp;"},"content":{"rendered":"\n<p>Lisbeth Mej\u00eda Reyes\/Zona Roja.&nbsp;<\/p>\n\n\n\n<p>Oaxaca, Oax., a 8 de noviembre de 2025.- Con la instalaci\u00f3n de su Asamblea Estatal este s\u00e1bado, la Secci\u00f3n 22 del Sindicato Nacional de Trabajadores de la Educaci\u00f3n alista su participaci\u00f3n en el paro de 48 horas del pr\u00f3ximo 13 y 14 de noviembre.&nbsp;<\/p>\n\n\n\n<p>Adem\u00e1s, con convocatoria aparte, el sector 02 de Secundarias Generales tambi\u00e9n prepara su movilizaci\u00f3n masiva de este lunes 10 de noviembre en la ciudad de Oaxaca.&nbsp;<\/p>\n\n\n\n<p>El motivo: exigir a las autoridades estatales y federales el pago de las horas trabajadas y no remuneradas, conocidas como \u00abhoras tequio\u00bb y que se les adeudan desde hace varios a\u00f1os.<\/p>\n\n\n\n<p>La movilizaci\u00f3n masiva de docentes de secundarias generales empezar\u00e1 a las 10:00 de la ma\u00f1ana en el atrio del templo de Santa Mar\u00eda del Ex Marquesado, junto a la antigua Estaci\u00f3n del Ferrocarril o el Museo Infantil de Oaxaca, en la capital.&nbsp;<\/p>\n\n\n\n<p>Aunque por ahora no se especifica en la convocatoria, se prev\u00e9 que la movilizaci\u00f3n sea a manera de una marcha rumbo al z\u00f3calo de la ciudad de Oaxaca, por lo que tambi\u00e9n se esperan afectaciones viales en la calzada Madero.<\/p>\n\n\n\n<p>La protesta es convocada por los Comit\u00e9s Ejecutivos Delegacionales del Sindicato Nacional de Trabajadores de la Educaci\u00f3n (SNTE) del sector 02 Pinotepa Nacional, por lo que se espera la participaci\u00f3n de integrantes de las delegaciones D-II-81, D-II-137, D-II-146 y D-II-225, que encabezan los profesores Wilibaldo Alonso Feria, Manuel de Jes\u00fas P\u00e9rez Ortiz, Yahir Israel Fuentes Ruiz y Nora Cano L\u00f3pez, respectivamente.<\/p>\n\n\n\n<p>Antes de esta protesta, en los \u00faltimos d\u00edas diversos sectores de la Secci\u00f3n 22 tambi\u00e9n se han manifestado en la regi\u00f3n Mixteca y en la ciudad de Oaxaca.&nbsp;<\/p>\n\n\n\n<p>En el primer caso, en Nochixtl\u00e1n, donde este viernes bloquearon la carretera Oaxaca-Puebla y la supercarretera para exigir la entrega formal de la unidad m\u00e9dica familiar del ISSSTE en esa comunidad, adem\u00e1s de la destituci\u00f3n de la titular del Centro Coordinador de Pueblos Ind\u00edgenas del mismo lugar.<\/p>\n\n\n\n<p>En la capital, un grupo de sindicalizados bloque\u00f3 por varias horas cruceros de la calzada H\u00e9roes de Chapultepec en respaldo a Jos\u00e9 Luis Garc\u00eda Henestrosa, trabajador administrativo que denunci\u00f3 al Instituto Estatal de Educaci\u00f3n P\u00fablica de Oaxaca (IEEPO) por rescindir su contrato de trabajo de manera injustificada y tras 28 a\u00f1os de antig\u00fcedad.<\/p>\n\n\n\n<p>EN ACUERDOS<\/p>\n\n\n\n<p>Este s\u00e1bado 8 de noviembre, y encabezada por la secretaria General Yenny Aracely P\u00e9rez Mart\u00ednez, la Secci\u00f3n 22 instal\u00f3 su asamblea estatal rumbo al paro de 48 horas.<\/p>\n\n\n\n<p>Desde el auditorio \u201cEnedino Jim\u00e9nez\u201d, en la capital oaxaque\u00f1a, la gremial convoc\u00f3 a su estructura a prepararse para la movilizaci\u00f3n como parte de la Coordinadora Nacional de Trabajadores de la Educaci\u00f3n (CNTE).<\/p>\n\n\n\n<p>En este nuevo paro de 48 horas, la Secci\u00f3n 22 y sus hom\u00f3logas de los estados de Chiapas, Ciudad de M\u00e9xico, Zacatecas y Guerrero se movilizar\u00e1n para reiterar a la presidenta Claudia Sheinbaum sus exigencias para abrogar la Ley del ISSSTE 2007 y la Reforma Educativa Pe\u00f1a-AMLO.&nbsp;<\/p>\n\n\n\n<p>Adem\u00e1s de exigir la mesa central de la CNTE con la presidenta, entre otras demandas de cada secci\u00f3n.<\/p>\n","protected":false},"excerpt":{"rendered":"<p>Lisbeth Mej\u00eda Reyes\/Zona Roja.&nbsp; Oaxaca, Oax., a 8 de noviembre de 2025.- Con la instalaci\u00f3n&hellip;<\/p>\n","protected":false},"author":2,"featured_media":80384,"comment_status":"closed","ping_status":"open","sticky":false,"template":"","format":"standard","meta":{"_lmt_disableupdate":"","_lmt_disable":"","_jetpack_memberships_contains_paid_content":false,"footnotes":""},"categories":[109,47],"tags":[312],"class_list":["post-86687","post","type-post","status-publish","format-standard","has-post-thumbnail","hentry","category-minuto-a-minuto","category-zona-gris","tag-seccion-22-del-snte"],"jetpack_featured_media_url":"https:\/\/zonaroja.com.mx\/wp-content\/uploads\/2025\/05\/Marcha-Seccion-22-en-la-Ciudad-de-Mexico-CNTE.jpg","jetpack_sharing_enabled":true,"_links":{"self":[{"href":"https:\/\/zonaroja.com.mx\/index.php?rest_route=\/wp\/v2\/posts\/86687","targetHints":{"allow":["GET"]}}],"collection":[{"href":"https:\/\/zonaroja.com.mx\/index.php?rest_route=\/wp\/v2\/posts"}],"about":[{"href":"https:\/\/zonaroja.com.mx\/index.php?rest_route=\/wp\/v2\/types\/post"}],"author":[{"embeddable":true,"href":"https:\/\/zonaroja.com.mx\/index.php?rest_route=\/wp\/v2\/users\/2"}],"replies":[{"embeddable":true,"href":"https:\/\/zonaroja.com.mx\/index.php?rest_route=%2Fwp%2Fv2%2Fcomments&post=86687"}],"version-history":[{"count":1,"href":"https:\/\/zonaroja.com.mx\/index.php?rest_route=\/wp\/v2\/posts\/86687\/revisions"}],"predecessor-version":[{"id":86688,"href":"https:\/\/zonaroja.com.mx\/index.php?rest_route=\/wp\/v2\/posts\/86687\/revisions\/86688"}],"wp:featuredmedia":[{"embeddable":true,"href":"https:\/\/zonaroja.com.mx\/index.php?rest_route=\/wp\/v2\/media\/80384"}],"wp:attachment":[{"href":"https:\/\/zonaroja.com.mx\/index.php?rest_route=%2Fwp%2Fv2%2Fmedia&parent=86687"}],"wp:term":[{"taxonomy":"category","embeddable":true,"href":"https:\/\/zonaroja.com.mx\/index.php?rest_route=%2Fwp%2Fv2%2Fcategories&post=86687"},{"taxonomy":"post_tag","embeddable":true,"href":"https:\/\/zonaroja.com.mx\/index.php?rest_route=%2Fwp%2Fv2%2Ftags&post=86687"}],"curies":[{"name":"wp","href":"https:\/\/api.w.org\/{rel}","templated":true}]}}