{"id":86690,"date":"2025-11-08T20:27:47","date_gmt":"2025-11-09T02:27:47","guid":{"rendered":"https:\/\/zonaroja.com.mx\/?p=86690"},"modified":"2025-11-08T20:27:47","modified_gmt":"2025-11-09T02:27:47","slug":"va-fiscalia-en-tu-colonia-a-pueblo-nuevo-y-a-la-central-de-abasto-de-la-capital","status":"publish","type":"post","link":"https:\/\/zonaroja.com.mx\/?p=86690","title":{"rendered":"Va \u201cFiscal\u00eda en tu Colonia\u201d a Pueblo Nuevo y a la Central de Abasto de la capital&nbsp;"},"content":{"rendered":"\n<p>Redacci\u00f3n\/Zona Roja.&nbsp;<\/p>\n\n\n\n<p>Oaxaca, Oax., a 8 de noviembre de 2025.- Con el objetivo de fortalecer la seguridad, la justicia y la confianza entre ciudadan\u00eda e instituciones, el presidente municipal Ray Chagoya encabez\u00f3 junto al fiscal General del Estado de Oaxaca, Bernardo Rodr\u00edguez Alamilla, la jornada \u201cFiscal\u00eda en tu Colonia\u201d, realizada en la Agencia de Pueblo Nuevo y en la Central de Abasto.<\/p>\n\n\n\n<p>Durante estas actividades, vecinas y vecinos recibieron orientaci\u00f3n jur\u00eddica, asesor\u00eda legal y atenci\u00f3n directa de las y los servidores p\u00fablicos municipales, adem\u00e1s de acceder a diversos servicios en materia de salud, prevenci\u00f3n del delito y participaci\u00f3n ciudadana.<\/p>\n\n\n\n<p>El edil capitalino destac\u00f3 que este programa refleja el compromiso de trabajar en equipo con las instituciones estatales para garantizar una ciudad m\u00e1s segura y cercana, donde cada acci\u00f3n de gobierno contribuya a mejorar la vida de las familias oaxaque\u00f1as.<\/p>\n\n\n\n<p>\u201cTrabajando en coordinaci\u00f3n con la Fiscal\u00eda General, avanzamos paso a paso en la construcci\u00f3n de una capital m\u00e1s justa y con resultados reales\u201d, se\u00f1al\u00f3.<\/p>\n\n\n\n<p>Por su parte, representantes de la FGEO reconocieron la disposici\u00f3n del Gobierno Municipal para fortalecer la atenci\u00f3n comunitaria y el acceso a la justicia, subrayando que estas jornadas permiten acercar los servicios a las colonias y agencias del municipio.<\/p>\n\n\n\n<p>Las y los asistentes coincidieron en que la presencia institucional y la atenci\u00f3n directa generan confianza, previenen conflictos y promueven una convivencia m\u00e1s segura en los espacios p\u00fablicos.<\/p>\n\n\n\n<p>Con acciones conjuntas, el Gobierno Municipal de Oaxaca de Ju\u00e1rez y la Fiscal\u00eda General del Estado siguen construyendo una capital m\u00e1s segura, solidaria y con justicia para todas y todos.<\/p>\n\n\n\n<p>TEQUIO VECINAL&nbsp;<\/p>\n\n\n\n<p>Por otra parte, con energ\u00eda y trabajo colectivo, vecinas y vecinos de San Mart\u00edn Mexic\u00e1pam participaron hoy en una nueva jornada de Tequios Vecinales, impulsada por el gobierno de Ray Chagoya a trav\u00e9s de la Secretar\u00eda de Bienestar y Tequios Vecinales.<\/p>\n\n\n\n<p>Desde temprana hora, habitantes de la colonia Jardines se reunieron en la Cerrada de Lirios para realizar acciones de limpieza, mejoramiento y mantenimiento de espacios comunes, reafirmando el esp\u00edritu solidario que caracteriza a la capital.<\/p>\n\n\n\n<p>Estas jornadas promueven la participaci\u00f3n ciudadana como base de la transformaci\u00f3n social, fomentando el cuidado del entorno y la corresponsabilidad entre gobierno y ciudadan\u00eda.<\/p>\n\n\n\n<p>Bajo la consigna \u201cQue siga la energ\u00eda\u201d, los Tequios Vecinales contin\u00faan consolid\u00e1ndose como un eje prioritario del municipio, fortaleciendo el tejido social y demostrando que la transformaci\u00f3n de Oaxaca se construye desde cada colonia y agencia.<\/p>\n","protected":false},"excerpt":{"rendered":"<p>Redacci\u00f3n\/Zona Roja.&nbsp; Oaxaca, Oax., a 8 de noviembre de 2025.- Con el objetivo de fortalecer&hellip;<\/p>\n","protected":false},"author":2,"featured_media":86689,"comment_status":"closed","ping_status":"open","sticky":false,"template":"","format":"standard","meta":{"_lmt_disableupdate":"","_lmt_disable":"","_jetpack_memberships_contains_paid_content":false,"footnotes":""},"categories":[109,46],"tags":[],"class_list":["post-86690","post","type-post","status-publish","format-standard","has-post-thumbnail","hentry","category-minuto-a-minuto","category-zona-blanca"],"jetpack_featured_media_url":"https:\/\/zonaroja.com.mx\/wp-content\/uploads\/2025\/11\/img_0315.jpg","jetpack_sharing_enabled":true,"_links":{"self":[{"href":"https:\/\/zonaroja.com.mx\/index.php?rest_route=\/wp\/v2\/posts\/86690","targetHints":{"allow":["GET"]}}],"collection":[{"href":"https:\/\/zonaroja.com.mx\/index.php?rest_route=\/wp\/v2\/posts"}],"about":[{"href":"https:\/\/zonaroja.com.mx\/index.php?rest_route=\/wp\/v2\/types\/post"}],"author":[{"embeddable":true,"href":"https:\/\/zonaroja.com.mx\/index.php?rest_route=\/wp\/v2\/users\/2"}],"replies":[{"embeddable":true,"href":"https:\/\/zonaroja.com.mx\/index.php?rest_route=%2Fwp%2Fv2%2Fcomments&post=86690"}],"version-history":[{"count":1,"href":"https:\/\/zonaroja.com.mx\/index.php?rest_route=\/wp\/v2\/posts\/86690\/revisions"}],"predecessor-version":[{"id":86691,"href":"https:\/\/zonaroja.com.mx\/index.php?rest_route=\/wp\/v2\/posts\/86690\/revisions\/86691"}],"wp:featuredmedia":[{"embeddable":true,"href":"https:\/\/zonaroja.com.mx\/index.php?rest_route=\/wp\/v2\/media\/86689"}],"wp:attachment":[{"href":"https:\/\/zonaroja.com.mx\/index.php?rest_route=%2Fwp%2Fv2%2Fmedia&parent=86690"}],"wp:term":[{"taxonomy":"category","embeddable":true,"href":"https:\/\/zonaroja.com.mx\/index.php?rest_route=%2Fwp%2Fv2%2Fcategories&post=86690"},{"taxonomy":"post_tag","embeddable":true,"href":"https:\/\/zonaroja.com.mx\/index.php?rest_route=%2Fwp%2Fv2%2Ftags&post=86690"}],"curies":[{"name":"wp","href":"https:\/\/api.w.org\/{rel}","templated":true}]}}