{"id":86692,"date":"2025-11-09T07:34:00","date_gmt":"2025-11-09T13:34:00","guid":{"rendered":"https:\/\/zonaroja.com.mx\/?p=86692"},"modified":"2025-11-09T06:36:12","modified_gmt":"2025-11-09T12:36:12","slug":"ejecutan-a-individuo-en-tehuantepec-identifican-a-ultimado-en-juchitan","status":"publish","type":"post","link":"https:\/\/zonaroja.com.mx\/?p=86692","title":{"rendered":"Ejecutan a individuo en Tehuantepec; identifican a ultimado en Juchit\u00e1n"},"content":{"rendered":"\n<p>Raymundo Morales\/Zona Roja.<\/p>\n\n\n\n<p>Oaxaca, Oax., a 9 de noviembre de 2025.- Una persona del sexo masculino fue ejecutada a balazos la madrugada de este domingo en Santo Domingo Tehuantepec.<\/p>\n\n\n\n<p>El cuerpo, maniatado y con huellas de tortura, fue localizado cerca de la avenida Ferrocarril, en jurisdicci\u00f3n de la comunidad de Santa Cruz Tagolaba, perteneciente a dicho municipio de la regi\u00f3n del Istmo.<\/p>\n\n\n\n<p>Personal de la Vicefiscal\u00eda Regional del Istmo contin\u00faa con las labores indagatorias con la finalidad de identificar a la v\u00edctima y a los presuntos homicidas.<\/p>\n\n\n\n<p>Por otra parte, como Nah\u00fam M. R., de 18 a\u00f1os de edad y vecino de Juchit\u00e1n de Zaragoza, fue identificada la persona que fue asesinada ayer y cuyo cuerpo se localiz\u00f3 en la carretera local l\u00edmites con el municipio de El Espinal.<\/p>\n\n\n\n<p>El cuerpo presentaba tambi\u00e9n huellas de tortura y varios impactos de arma de fuego; presuntamente fue ultimado en otro lugar y su cuerpo tirado en esa zona.<\/p>\n\n\n\n<p>Seg\u00fan los primeros informes policiacos, la v\u00edctima era originaria de Juchit\u00e1n de Zaragoza, donde apenas el pasado mi\u00e9rcoles 5 de noviembre privaron de la vida a una persona y otra m\u00e1s el d\u00eda 2 de noviembre.<\/p>\n\n\n\n<p>En ese mismo municipio, gobernado por el edil de Morena, Miguel S\u00e1nchez Altamirano, contin\u00faan tambi\u00e9n las balaceras en contra de domicilios o negocios, sin que haya intervenci\u00f3n policiaca.<\/p>\n\n\n\n<p>El m\u00e1s reciente caso ocurri\u00f3 ayer en la puerta de una casa de la calle 2 de Noviembre esquina Zaragoza, de la Sexta Secci\u00f3n, sin que se registraran v\u00edctimas.<\/p>\n","protected":false},"excerpt":{"rendered":"<p>Raymundo Morales\/Zona Roja. Oaxaca, Oax., a 9 de noviembre de 2025.- Una persona del sexo&hellip;<\/p>\n","protected":false},"author":2,"featured_media":86693,"comment_status":"closed","ping_status":"open","sticky":false,"template":"","format":"standard","meta":{"_lmt_disableupdate":"","_lmt_disable":"","_jetpack_memberships_contains_paid_content":false,"footnotes":""},"categories":[109,51],"tags":[533,297],"class_list":["post-86692","post","type-post","status-publish","format-standard","has-post-thumbnail","hentry","category-minuto-a-minuto","category-zona-roja","tag-asesinado-en-tehuantepec","tag-ejecutado-juchitan"],"jetpack_featured_media_url":"https:\/\/zonaroja.com.mx\/wp-content\/uploads\/2025\/11\/Ejcutado-en-Juchitan-limites-El-Espinal.jpeg","jetpack_sharing_enabled":true,"_links":{"self":[{"href":"https:\/\/zonaroja.com.mx\/index.php?rest_route=\/wp\/v2\/posts\/86692","targetHints":{"allow":["GET"]}}],"collection":[{"href":"https:\/\/zonaroja.com.mx\/index.php?rest_route=\/wp\/v2\/posts"}],"about":[{"href":"https:\/\/zonaroja.com.mx\/index.php?rest_route=\/wp\/v2\/types\/post"}],"author":[{"embeddable":true,"href":"https:\/\/zonaroja.com.mx\/index.php?rest_route=\/wp\/v2\/users\/2"}],"replies":[{"embeddable":true,"href":"https:\/\/zonaroja.com.mx\/index.php?rest_route=%2Fwp%2Fv2%2Fcomments&post=86692"}],"version-history":[{"count":1,"href":"https:\/\/zonaroja.com.mx\/index.php?rest_route=\/wp\/v2\/posts\/86692\/revisions"}],"predecessor-version":[{"id":86694,"href":"https:\/\/zonaroja.com.mx\/index.php?rest_route=\/wp\/v2\/posts\/86692\/revisions\/86694"}],"wp:featuredmedia":[{"embeddable":true,"href":"https:\/\/zonaroja.com.mx\/index.php?rest_route=\/wp\/v2\/media\/86693"}],"wp:attachment":[{"href":"https:\/\/zonaroja.com.mx\/index.php?rest_route=%2Fwp%2Fv2%2Fmedia&parent=86692"}],"wp:term":[{"taxonomy":"category","embeddable":true,"href":"https:\/\/zonaroja.com.mx\/index.php?rest_route=%2Fwp%2Fv2%2Fcategories&post=86692"},{"taxonomy":"post_tag","embeddable":true,"href":"https:\/\/zonaroja.com.mx\/index.php?rest_route=%2Fwp%2Fv2%2Ftags&post=86692"}],"curies":[{"name":"wp","href":"https:\/\/api.w.org\/{rel}","templated":true}]}}