{"id":86698,"date":"2025-11-09T09:42:00","date_gmt":"2025-11-09T15:42:00","guid":{"rendered":"https:\/\/zonaroja.com.mx\/?p=86698"},"modified":"2025-11-09T06:53:29","modified_gmt":"2025-11-09T12:53:29","slug":"el-iago-inicia-los-festejos-de-su-37-aniversario-con-ensamble-kafka","status":"publish","type":"post","link":"https:\/\/zonaroja.com.mx\/?p=86698","title":{"rendered":"El IAGO inicia los festejos de su 37 aniversario con \u201cEnsamble Kafka\u201d\u00a0"},"content":{"rendered":"\n<p>Lisbeth Mej\u00eda Reyes\/Zona Roja.<\/p>\n\n\n\n<p>Oaxaca, Oax., a 9 de noviembre de 2025.- Rumbo a su aniversario 37, el Instituto de Artes Gr\u00e1ficas de Oaxaca (IAGO) comenz\u00f3 este s\u00e1bado los festejos de su fundaci\u00f3n de la mano de \u201cEnsamble Kafka\u201d.&nbsp;<\/p>\n\n\n\n<p>El quinteto integrado por Rafa Maldonado (tuba), Facundo Vargas (tromb\u00f3n), On\u00e9simo Garc\u00eda (trompeta), Julio Garc\u00eda (guitarra) y Steven Brown (saxof\u00f3n y clarinetes) ofreci\u00f3 un concierto en este emblem\u00e1tico recinto de la ciudad de Oaxaca, el primero de varios que cre\u00f3 el fallecido artista Francisco Toledo en la capital y otras partes del estado.<\/p>\n\n\n\n<p>Tocar en este espacio \u201ces cerrar un c\u00edrculo\u201d, coment\u00f3 el m\u00fasico Steven Brown previo al recital en la sede de Macedonio Alcal\u00e1, que fue casa del artista y activista.&nbsp;<\/p>\n\n\n\n<p>Sobre el ensamble, el IAGO record\u00f3 que el proyecto fue \u00abuna iniciativa de Steven Brown y Julio Garc\u00eda luego de realizar la m\u00fasica para el documental \u00abEl informe Toledo\u00bb, del realizador Albino \u00c1lvarez, el cual fue nominado al premio Ariel de la Academia Mexicana de Cine en la categor\u00eda de Mejor Banda Sonora en 2010.<\/p>\n\n\n\n<p>\u00abLa propuesta del ensamble combina la fuerza y las texturas del sonido de banda oaxaque\u00f1a, pero en un formato \u00edntimo, creando un di\u00e1logo entre la tradici\u00f3n y la experimentaci\u00f3n sonora. Su repertorio incluye composiciones originales y arreglos de obras de Tom\u00e1s Marco y Egberto Gismonti, adem\u00e1s de piezas creadas para proyectos como Alumbre, Arte Contempor\u00e1neo en Pirotecnia\u00bb, apunt\u00f3.<\/p>\n\n\n\n<p>Adem\u00e1s del concierto de este s\u00e1bado, el IAGO ha preparado una exposici\u00f3n de libros de artista a fin de mes, con la cual tambi\u00e9n celebrar\u00e1 sus 37 a\u00f1os de existencia.<\/p>\n\n\n\n<p>De acuerdo con la Secretar\u00eda de Cultura y el Instituto Nacional de Bellas Artes y Literatura (INBAL) el IAGO cumple a\u00f1os el 28 de noviembre, pues fue en esa fecha de 1988 cuando abri\u00f3 sus puertas como iniciativa de Francisco Toledo.<\/p>\n\n\n\n<p>El instituto se localiza en la calle Macedonio Alcal\u00e1 507, en el centro de la ciudad de Oaxaca, sitio que fue casa del autor y en donde comenz\u00f3 actividades con una biblioteca personal que a la fecha abarca m\u00e1s de 60 mil libros y que desde 2010 tiene una segunda sede en la avenida Ju\u00e1rez 203, centro.<\/p>\n\n\n\n<p>En 2015, Toledo don\u00f3 el IAGO al Instituto Nacional de Bellas Artes y Literatura (INBAL), organismo federal del que depende desde entonces, pero sin perder su gratuidad.&nbsp;<\/p>\n\n\n\n<p>Tambi\u00e9n mantiene el apoyo de la asociaci\u00f3n civil Amigos del IAGO y del CFMAB, que preside Sara L\u00f3pez Ellitsgaard, una de las hijas de Toledo.<\/p>\n\n\n\n<p>Repartidos en sus dos sedes, el IAGO cuenta con un taller de producci\u00f3n editorial, una fonoteca, un archivo de material audiovisual y espacios de exposici\u00f3n. Alberga tambi\u00e9n \u00abuna de las colecciones de artes gr\u00e1ficas m\u00e1s importantes de M\u00e9xico y Latinoam\u00e9rica\u00bb, con obras de Erasto Cort\u00e9s, Piranesi, Jan Hendrix, Leopoldo M\u00e9ndez, Marc Chagall, Pierre Alechinsky, Rufino Tamayo, Fernando Aceves Humana, Picasso, Giorgio de Chirico, Goya y Posada, detalla el mismo instituto en su sitio web.<\/p>\n","protected":false},"excerpt":{"rendered":"<p>Lisbeth Mej\u00eda Reyes\/Zona Roja. Oaxaca, Oax., a 9 de noviembre de 2025.- Rumbo a su&hellip;<\/p>\n","protected":false},"author":2,"featured_media":86699,"comment_status":"closed","ping_status":"open","sticky":false,"template":"","format":"standard","meta":{"_lmt_disableupdate":"","_lmt_disable":"","_jetpack_memberships_contains_paid_content":false,"footnotes":""},"categories":[109,46],"tags":[791],"class_list":["post-86698","post","type-post","status-publish","format-standard","has-post-thumbnail","hentry","category-minuto-a-minuto","category-zona-blanca","tag-instituto-de-artes-graficas-de-oaxaca"],"jetpack_featured_media_url":"https:\/\/zonaroja.com.mx\/wp-content\/uploads\/2025\/11\/IAGO-Instituto-de-Artes-Graficas.jpg","jetpack_sharing_enabled":true,"_links":{"self":[{"href":"https:\/\/zonaroja.com.mx\/index.php?rest_route=\/wp\/v2\/posts\/86698","targetHints":{"allow":["GET"]}}],"collection":[{"href":"https:\/\/zonaroja.com.mx\/index.php?rest_route=\/wp\/v2\/posts"}],"about":[{"href":"https:\/\/zonaroja.com.mx\/index.php?rest_route=\/wp\/v2\/types\/post"}],"author":[{"embeddable":true,"href":"https:\/\/zonaroja.com.mx\/index.php?rest_route=\/wp\/v2\/users\/2"}],"replies":[{"embeddable":true,"href":"https:\/\/zonaroja.com.mx\/index.php?rest_route=%2Fwp%2Fv2%2Fcomments&post=86698"}],"version-history":[{"count":1,"href":"https:\/\/zonaroja.com.mx\/index.php?rest_route=\/wp\/v2\/posts\/86698\/revisions"}],"predecessor-version":[{"id":86700,"href":"https:\/\/zonaroja.com.mx\/index.php?rest_route=\/wp\/v2\/posts\/86698\/revisions\/86700"}],"wp:featuredmedia":[{"embeddable":true,"href":"https:\/\/zonaroja.com.mx\/index.php?rest_route=\/wp\/v2\/media\/86699"}],"wp:attachment":[{"href":"https:\/\/zonaroja.com.mx\/index.php?rest_route=%2Fwp%2Fv2%2Fmedia&parent=86698"}],"wp:term":[{"taxonomy":"category","embeddable":true,"href":"https:\/\/zonaroja.com.mx\/index.php?rest_route=%2Fwp%2Fv2%2Fcategories&post=86698"},{"taxonomy":"post_tag","embeddable":true,"href":"https:\/\/zonaroja.com.mx\/index.php?rest_route=%2Fwp%2Fv2%2Ftags&post=86698"}],"curies":[{"name":"wp","href":"https:\/\/api.w.org\/{rel}","templated":true}]}}