{"id":86704,"date":"2025-11-09T00:00:00","date_gmt":"2025-11-09T06:00:00","guid":{"rendered":"https:\/\/zonaroja.com.mx\/?p=86704"},"modified":"2025-11-09T07:05:10","modified_gmt":"2025-11-09T13:05:10","slug":"se-graduan-e-incorporan-57-elementos-a-la-agencia-estatal-de-investigaciones","status":"publish","type":"post","link":"https:\/\/zonaroja.com.mx\/?p=86704","title":{"rendered":"Se grad\u00faan e incorporan 57 elementos a la Agencia Estatal de Investigaciones"},"content":{"rendered":"\n<p>Redacci\u00f3n\/Zona Roja.&nbsp;<\/p>\n\n\n\n<p>Oaxaca, Oax., a 9 de noviembre de 2025.- La Agencia Estatal de Investigaciones (AEI) de la Fiscal\u00eda General del Estado de Oaxaca incorpor\u00f3 a 57 nuevos elementos, 22 de ellos mujeres, ras concluir su formaci\u00f3n.&nbsp;<\/p>\n\n\n\n<p>Fortalecer la instituci\u00f3n resulta fundamental para enfrentar los retos actuales en materia de combate al crimen, se\u00f1al\u00f3 el fiscal General, Bernardo Rodr\u00edguez Alamilla durante la ceremonia de clausura de la Segunda Generaci\u00f3n de Formaci\u00f3n Inicial de la AEI.<\/p>\n\n\n\n<p>Mencion\u00f3 que la graduaci\u00f3n de 57 nuevos agentes, quienes se integran a las labores de procuraci\u00f3n de justicia en la entidad, es parte esencial del proceso de fortalecimiento institucional, pues esta segunda generaci\u00f3n permite que la sociedad oaxaque\u00f1a cuente con agentes preparados, comprometidos y con vocaci\u00f3n de servicio.&nbsp;<\/p>\n\n\n\n<p>Asimismo, reconoci\u00f3 el esfuerzo y disciplina de las y los graduados, a quienes exhort\u00f3 a ejercer su labor con responsabilidad, \u00e9tica y orgullo, al formar parte de una instituci\u00f3n que tiene la alta encomienda de investigar los delitos y procurar justicia con eficacia y transparencia.<\/p>\n\n\n\n<p>Rodr\u00edguez Alamilla resalt\u00f3 la participaci\u00f3n hist\u00f3rica de mujeres en esta generaci\u00f3n, quienes superaron las mismas exigencias acad\u00e9micas, f\u00edsicas y t\u00e9cnicas que sus compa\u00f1eros varones, demostrando que la igualdad de capacidades y oportunidades es un principio que impulsa la transformaci\u00f3n institucional.<\/p>\n\n\n\n<p>\u201cHoy 22 mujeres marcan un precedente. Han demostrado que su talento, su fortaleza y su entrega son fundamentales para construir una Agencia Estatal de Investigaciones m\u00e1s inclusiva y comprometida con la sociedad\u201d, afirm\u00f3.<\/p>\n\n\n\n<p>El titular de la Fiscal\u00eda General del Estado llam\u00f3 a las y los nuevos agentes a tener siempre presente que su labor es un ejemplo para sus familias y para la sociedad, y que su trabajo diario fortalece la confianza en la instituci\u00f3n y en el sistema de justicia.<\/p>\n\n\n\n<p>Al intervenir el coordinador de la Agencia Estatal de Investigaciones, Jaciel V\u00e1squez Castro, reconoci\u00f3 la dedicaci\u00f3n y capacidad de las y los nuevos elementos, quienes fueron formados tanto en aspectos jur\u00eddicos como en t\u00e9cnicas t\u00e1cticas especializadas, lo que representa un reto importante en materia de rendimiento, disciplina y resistencia.<\/p>\n\n\n\n<p>La Fiscal\u00eda General del Estado de Oaxaca reafirma su compromiso con la formaci\u00f3n constante, la profesionalizaci\u00f3n del servicio p\u00fablico y la procuraci\u00f3n de justicia eficaz, impulsando el desarrollo de cuerpos policiales capacitados, \u00e9ticos y sensibles ante las necesidades de la ciudadan\u00eda.<\/p>\n","protected":false},"excerpt":{"rendered":"<p>Redacci\u00f3n\/Zona Roja.&nbsp; Oaxaca, Oax., a 9 de noviembre de 2025.- La Agencia Estatal de Investigaciones&hellip;<\/p>\n","protected":false},"author":2,"featured_media":86705,"comment_status":"closed","ping_status":"open","sticky":false,"template":"","format":"standard","meta":{"_lmt_disableupdate":"","_lmt_disable":"","_jetpack_memberships_contains_paid_content":false,"footnotes":""},"categories":[109,46],"tags":[494],"class_list":["post-86704","post","type-post","status-publish","format-standard","has-post-thumbnail","hentry","category-minuto-a-minuto","category-zona-blanca","tag-fiscalia-general-del-estado-de-oaxaca"],"jetpack_featured_media_url":"https:\/\/zonaroja.com.mx\/wp-content\/uploads\/2025\/11\/Nuevos-agentes-AEI-Fiscalia-General.jpeg","jetpack_sharing_enabled":true,"_links":{"self":[{"href":"https:\/\/zonaroja.com.mx\/index.php?rest_route=\/wp\/v2\/posts\/86704","targetHints":{"allow":["GET"]}}],"collection":[{"href":"https:\/\/zonaroja.com.mx\/index.php?rest_route=\/wp\/v2\/posts"}],"about":[{"href":"https:\/\/zonaroja.com.mx\/index.php?rest_route=\/wp\/v2\/types\/post"}],"author":[{"embeddable":true,"href":"https:\/\/zonaroja.com.mx\/index.php?rest_route=\/wp\/v2\/users\/2"}],"replies":[{"embeddable":true,"href":"https:\/\/zonaroja.com.mx\/index.php?rest_route=%2Fwp%2Fv2%2Fcomments&post=86704"}],"version-history":[{"count":1,"href":"https:\/\/zonaroja.com.mx\/index.php?rest_route=\/wp\/v2\/posts\/86704\/revisions"}],"predecessor-version":[{"id":86706,"href":"https:\/\/zonaroja.com.mx\/index.php?rest_route=\/wp\/v2\/posts\/86704\/revisions\/86706"}],"wp:featuredmedia":[{"embeddable":true,"href":"https:\/\/zonaroja.com.mx\/index.php?rest_route=\/wp\/v2\/media\/86705"}],"wp:attachment":[{"href":"https:\/\/zonaroja.com.mx\/index.php?rest_route=%2Fwp%2Fv2%2Fmedia&parent=86704"}],"wp:term":[{"taxonomy":"category","embeddable":true,"href":"https:\/\/zonaroja.com.mx\/index.php?rest_route=%2Fwp%2Fv2%2Fcategories&post=86704"},{"taxonomy":"post_tag","embeddable":true,"href":"https:\/\/zonaroja.com.mx\/index.php?rest_route=%2Fwp%2Fv2%2Ftags&post=86704"}],"curies":[{"name":"wp","href":"https:\/\/api.w.org\/{rel}","templated":true}]}}