{"id":86709,"date":"2025-11-09T13:14:00","date_gmt":"2025-11-09T19:14:00","guid":{"rendered":"https:\/\/zonaroja.com.mx\/?p=86709"},"modified":"2025-11-09T07:16:08","modified_gmt":"2025-11-09T13:16:08","slug":"presentaran-revelaciones-de-un-crimen-de-estado-en-primer-encuentro-leo","status":"publish","type":"post","link":"https:\/\/zonaroja.com.mx\/?p=86709","title":{"rendered":"Presentar\u00e1n \u00abRevelaciones de un crimen de Estado\u00bb en primer Encuentro LEO\u00a0"},"content":{"rendered":"\n<p>Lisbeth Mej\u00eda Reyes\/Zona Roja.<\/p>\n\n\n\n<p>Oaxaca, Oax., a 9 de noviembre de 2025.- La periodista Soledad Jarqu\u00edn Edgar presentar\u00e1 este 10 de noviembre su libro \u00abRevelaciones de un crimen de Estado\u00bb, como parte del primer Encuentro de Lectura y Escritura en Oaxaca (Encuentro LEO), que se realizar\u00e1 del 10 al 14 de este mes.&nbsp;<\/p>\n\n\n\n<p>La presentaci\u00f3n del libro ser\u00e1 a las 17:00 horas, en el Instituto de Investigaciones en Humanidades (IIH) de la Universidad Aut\u00f3noma Benito Ju\u00e1rez de Oaxaca, en la ciudad de Oaxaca.&nbsp;<\/p>\n\n\n\n<p>Junto a la tambi\u00e9n periodista Roc\u00edo Flores, Soledad volver\u00e1 a compartir este libro en Oaxaca, ciudad en la que lo present\u00f3 por primera vez en junio, en torno al aniversario 7 del feminicidio de su hija, la foto periodista Mar\u00eda del Sol Cruz Jarqu\u00edn.<\/p>\n\n\n\n<p>El volumen es una de las maneras en las que la tambi\u00e9n defensora de derechos humanos ha buscado justicia para su hija, ante la carencia de esta por parte del Estado. En el libro, Soledad mezcla la investigaci\u00f3n period\u00edstica con su sentir como una madre a partir del feminicidio de Mar\u00eda del Sol, ocurrido el 2 de junio de 2018 en Juchit\u00e1n de Zaragoza, en un contexto electoral y tras haber sido enviada en contra de su voluntad a cubrir una campa\u00f1a pol\u00edtica.<\/p>\n\n\n\n<p>\u00abSoledad Jarqu\u00edn decidi\u00f3 emprender una larga tarea para documentar lo que vivi\u00f3 desde que se enter\u00f3 del crimen contra su hija Mar\u00eda del Sol\u00bb, cuenta la periodista Roc\u00edo Flores sobre este libro que ha sido presentado en varios estados del pa\u00eds como Ciudad de M\u00e9xico, Chiapas y, recientemente, en Yucat\u00e1n, Quintana Roo, Guanajuato y Estado de M\u00e9xico.<\/p>\n\n\n\n<p>\u00abEn su libro revela complicidades de muchos actores que nadie investig\u00f3, bajo la premisa de que cuando la justicia no llega de las autoridades, siempre hay otras maneras de se\u00f1alar las omisiones y encontrar algo que equilibre el alma\u00bb, se\u00f1alar Flores.<\/p>\n\n\n\n<p>\u00abSu libro no solo es la historia de un juicio contado por una periodista, es tambi\u00e9n el relato de una madre que se dirige a una hija para decirle que le duele su ausencia, que la recuerda y que siempre estar\u00e1 iluminado su vida\u00bb.<\/p>\n\n\n\n<p>En medio de las presentaciones del libro por el pa\u00eds, Soledad Jarqu\u00edn Edgar tambi\u00e9n ha tenido que responder a la recomendaci\u00f3n emitida en octubre pasado por la Defensor\u00eda de los Derechos Humanos del Pueblo de Oaxaca sobre el caso. Para Soledad Jarqu\u00edn, esta recomendaci\u00f3n es tard\u00eda, tibia y revictimizante.<\/p>\n","protected":false},"excerpt":{"rendered":"<p>Lisbeth Mej\u00eda Reyes\/Zona Roja. Oaxaca, Oax., a 9 de noviembre de 2025.- La periodista Soledad&hellip;<\/p>\n","protected":false},"author":2,"featured_media":81730,"comment_status":"closed","ping_status":"open","sticky":false,"template":"","format":"standard","meta":{"_lmt_disableupdate":"","_lmt_disable":"","_jetpack_memberships_contains_paid_content":false,"footnotes":""},"categories":[109,46],"tags":[1105],"class_list":["post-86709","post","type-post","status-publish","format-standard","has-post-thumbnail","hentry","category-minuto-a-minuto","category-zona-blanca","tag-soledad-jarquin-edgar"],"jetpack_featured_media_url":"https:\/\/zonaroja.com.mx\/wp-content\/uploads\/2025\/06\/Soledad-Jarquin-Edgar.jpg","jetpack_sharing_enabled":true,"_links":{"self":[{"href":"https:\/\/zonaroja.com.mx\/index.php?rest_route=\/wp\/v2\/posts\/86709","targetHints":{"allow":["GET"]}}],"collection":[{"href":"https:\/\/zonaroja.com.mx\/index.php?rest_route=\/wp\/v2\/posts"}],"about":[{"href":"https:\/\/zonaroja.com.mx\/index.php?rest_route=\/wp\/v2\/types\/post"}],"author":[{"embeddable":true,"href":"https:\/\/zonaroja.com.mx\/index.php?rest_route=\/wp\/v2\/users\/2"}],"replies":[{"embeddable":true,"href":"https:\/\/zonaroja.com.mx\/index.php?rest_route=%2Fwp%2Fv2%2Fcomments&post=86709"}],"version-history":[{"count":1,"href":"https:\/\/zonaroja.com.mx\/index.php?rest_route=\/wp\/v2\/posts\/86709\/revisions"}],"predecessor-version":[{"id":86710,"href":"https:\/\/zonaroja.com.mx\/index.php?rest_route=\/wp\/v2\/posts\/86709\/revisions\/86710"}],"wp:featuredmedia":[{"embeddable":true,"href":"https:\/\/zonaroja.com.mx\/index.php?rest_route=\/wp\/v2\/media\/81730"}],"wp:attachment":[{"href":"https:\/\/zonaroja.com.mx\/index.php?rest_route=%2Fwp%2Fv2%2Fmedia&parent=86709"}],"wp:term":[{"taxonomy":"category","embeddable":true,"href":"https:\/\/zonaroja.com.mx\/index.php?rest_route=%2Fwp%2Fv2%2Fcategories&post=86709"},{"taxonomy":"post_tag","embeddable":true,"href":"https:\/\/zonaroja.com.mx\/index.php?rest_route=%2Fwp%2Fv2%2Ftags&post=86709"}],"curies":[{"name":"wp","href":"https:\/\/api.w.org\/{rel}","templated":true}]}}