{"id":86712,"date":"2025-11-09T16:57:26","date_gmt":"2025-11-09T22:57:26","guid":{"rendered":"https:\/\/zonaroja.com.mx\/?p=86712"},"modified":"2025-11-09T16:57:26","modified_gmt":"2025-11-09T22:57:26","slug":"asesinan-a-otra-mujer-en-la-costa-de-oaxaca-la-segunda-en-una-semana","status":"publish","type":"post","link":"https:\/\/zonaroja.com.mx\/?p=86712","title":{"rendered":"Asesinan a otra mujer en la Costa de Oaxaca, la segunda en una semana&nbsp;"},"content":{"rendered":"\n<p>Ismael Garc\u00eda M.\/Zona Roja.&nbsp;<\/p>\n\n\n\n<p>Oaxaca, Oax., a 9 de noviembre de 2025.- Una mujer de la tercera edad fue asesinada la ma\u00f1ana de este domingo en la comunidad de Collantes, perteneciente al municipio de Santiago Pinotepa Nacional, en la Costa del estado de Oaxaca.<\/p>\n\n\n\n<p>Es el segundo probable feminicidio registrado en menos de una semana en dicha regi\u00f3n, pues el pasado jueves fue ultimada la regidora de San Juan Cacahuatepec, Guadalupe U. C.<\/p>\n\n\n\n<p>Sobre el crimen perpetrado hoy, el cuerpo de la v\u00edctima identificada como Aurea R. N., de 92 a\u00f1os de edad, fue localizado en su vivienda, y al parecer fue ultimada con arma blanca.<\/p>\n\n\n\n<p>De acuerdo con las primeras indagatorias, probablemente fue asaltada para quitarle &nbsp;el dinero de sus ahorros y otros bienes; el autor de este delito huyo de inmediato de la zona.<\/p>\n\n\n\n<p>Personal pericial y de investigaci\u00f3n de la Vicefiscal\u00eda Regional de la Costa, dependiente de la Fiscal\u00eda General del Estado de Oaxaca, arrib\u00f3 de inmediato al sitio para iniciar las indagatorias bajo los protocolos de feminicidio.<\/p>\n\n\n\n<p>Cabe recordar que el pasado jueves, en el camino a la localidad de San Antonio Ocotl\u00e1n, fue hallado el cuerpo sin vida, con varios impactos de arma de fuego, de la concejal de San Juan Cacahuatepec, Guadalupe U. C.,&nbsp;<\/p>\n\n\n\n<p>La Fiscal\u00eda General tiene hasta el momento dos principales l\u00edneas de investigaci\u00f3n, una de ellas, la probable participaci\u00f3n de un grupo delictivo de la zona, y la otra, por la presunta disputa de de bienes inmuebles, por parte de la familia de la joven.&nbsp;<\/p>\n","protected":false},"excerpt":{"rendered":"<p>Ismael Garc\u00eda M.\/Zona Roja.&nbsp; Oaxaca, Oax., a 9 de noviembre de 2025.- Una mujer de&hellip;<\/p>\n","protected":false},"author":2,"featured_media":86711,"comment_status":"closed","ping_status":"open","sticky":false,"template":"","format":"standard","meta":{"_lmt_disableupdate":"","_lmt_disable":"","_jetpack_memberships_contains_paid_content":false,"footnotes":""},"categories":[109,51],"tags":[3108,610],"class_list":["post-86712","post","type-post","status-publish","format-standard","has-post-thumbnail","hentry","category-minuto-a-minuto","category-zona-roja","tag-collantes-pinotepa-nacional","tag-feminicidios-oaxaca"],"jetpack_featured_media_url":"https:\/\/zonaroja.com.mx\/wp-content\/uploads\/2025\/11\/892e263e-e4d6-4821-a73c-eee09e2f2da0.jpg","jetpack_sharing_enabled":true,"_links":{"self":[{"href":"https:\/\/zonaroja.com.mx\/index.php?rest_route=\/wp\/v2\/posts\/86712","targetHints":{"allow":["GET"]}}],"collection":[{"href":"https:\/\/zonaroja.com.mx\/index.php?rest_route=\/wp\/v2\/posts"}],"about":[{"href":"https:\/\/zonaroja.com.mx\/index.php?rest_route=\/wp\/v2\/types\/post"}],"author":[{"embeddable":true,"href":"https:\/\/zonaroja.com.mx\/index.php?rest_route=\/wp\/v2\/users\/2"}],"replies":[{"embeddable":true,"href":"https:\/\/zonaroja.com.mx\/index.php?rest_route=%2Fwp%2Fv2%2Fcomments&post=86712"}],"version-history":[{"count":1,"href":"https:\/\/zonaroja.com.mx\/index.php?rest_route=\/wp\/v2\/posts\/86712\/revisions"}],"predecessor-version":[{"id":86713,"href":"https:\/\/zonaroja.com.mx\/index.php?rest_route=\/wp\/v2\/posts\/86712\/revisions\/86713"}],"wp:featuredmedia":[{"embeddable":true,"href":"https:\/\/zonaroja.com.mx\/index.php?rest_route=\/wp\/v2\/media\/86711"}],"wp:attachment":[{"href":"https:\/\/zonaroja.com.mx\/index.php?rest_route=%2Fwp%2Fv2%2Fmedia&parent=86712"}],"wp:term":[{"taxonomy":"category","embeddable":true,"href":"https:\/\/zonaroja.com.mx\/index.php?rest_route=%2Fwp%2Fv2%2Fcategories&post=86712"},{"taxonomy":"post_tag","embeddable":true,"href":"https:\/\/zonaroja.com.mx\/index.php?rest_route=%2Fwp%2Fv2%2Ftags&post=86712"}],"curies":[{"name":"wp","href":"https:\/\/api.w.org\/{rel}","templated":true}]}}