{"id":86714,"date":"2025-11-09T19:06:26","date_gmt":"2025-11-10T01:06:26","guid":{"rendered":"https:\/\/zonaroja.com.mx\/?p=86714"},"modified":"2025-11-09T19:06:28","modified_gmt":"2025-11-10T01:06:28","slug":"desde-la-cdmx-sheinbaum-presenta-plan-michoacan-con-inversion-de-57-mil-mdp","status":"publish","type":"post","link":"https:\/\/zonaroja.com.mx\/?p=86714","title":{"rendered":"Desde la Cdmx, Sheinbaum presenta Plan Michoac\u00e1n con inversi\u00f3n de 57 mil mdp"},"content":{"rendered":"\n<p>Redacci\u00f3n\/Zona Roja Cdmx.<\/p>\n\n\n\n<p>Ciudad de M\u00e9xico, a 9 de noviembre de 2025.- Una semana despu\u00e9s del asesinato del alcalde de Uruapan, Carlos Manzo, la presidenta Claudia Sheinbaum present\u00f3 su estrategia de seguridad para Michoac\u00e1n, este domingo 9 de noviembre.<\/p>\n\n\n\n<p>De acuerdo con la mandataria, varios integrantes del gabinete presidencial trabajaron en la elaboraci\u00f3n del plan para ese estado con colaboraci\u00f3n de presidentes municipales, las iglesias, maestros y distintos sectores de la poblaci\u00f3n.<\/p>\n\n\n\n<p>\u201cNo nos vamos a ir de Michoac\u00e1n. Ha habido presencia en Michoac\u00e1n. Ah\u00ed est\u00e1n todos los Programas del Bienestar. Imag\u00ednense si no hubiera esos programas\u201d, afirm\u00f3 la mandataria, quien no descart\u00f3 que el Plan Michoac\u00e1n por la Paz y la Justicia se pueda expandir en las pr\u00f3ximas semanas.<\/p>\n\n\n\n<p>Como parte de la respuesta del gobierno federal al asesinato de Carlos Manzo, Sheinbuam dio a conocer una serie de medidas para reforzar la seguridad en Michoac\u00e1n, aunque la mandataria descart\u00f3 una guerra contra el narco como la del expresidente Felipe Calder\u00f3n.<\/p>\n\n\n\n<p>La mandataria explic\u00f3 que la estrategia de seguridad incluye tres ejes: seguridad y justicia; desarrollo econ\u00f3mico con justicia; educaci\u00f3n y cultura para la paz. Estas medidas forman parte de su plan de atenci\u00f3n a las causas de la violencia.<\/p>\n\n\n\n<p>Una de las primeras medidas fue el env\u00edo de m\u00e1s elementos de la Guardia Nacional para reforzar la seguridad en Michoac\u00e1n. De manera paralela, los gobiernos federal y estatal desplegaron m\u00e1s polic\u00edas con el objetivo de reducir delitos como homicidios y extorsi\u00f3n.<\/p>\n\n\n\n<p>Otra de las medidas que contempla el Plan Michoac\u00e1n por la Paz y la Justicia es la constituci\u00f3n de una fiscal\u00eda especializada en la investigaci\u00f3n e inteligencia en delitos de alto impacto.<\/p>\n\n\n\n<p>La semana pasada, Sheinbaum tambi\u00e9n propuso la instalaci\u00f3n de una oficina de la Presidencia de la Rep\u00fablica en municipios michoacano, particularmente en Uruapan; establecer mesas de di\u00e1logo con el gabinete de seguridad, instalar un sistema de alerta para presidentes municipales, e impulsar el fortalecimiento de la denuncia an\u00f3nima a las v\u00edctimas de extorsi\u00f3n.<\/p>\n\n\n\n<p>El Plan Michoac\u00e1n tambi\u00e9n incluye medidas econ\u00f3micas, seg\u00fan explic\u00f3 la presidenta. Una de las propuestas en ese sentido es la de garantizar la seguridad social y salarios dignos a jornaleros agr\u00edcolas.<\/p>\n","protected":false},"excerpt":{"rendered":"<p>Redacci\u00f3n\/Zona Roja Cdmx. Ciudad de M\u00e9xico, a 9 de noviembre de 2025.- Una semana despu\u00e9s&hellip;<\/p>\n","protected":false},"author":2,"featured_media":86715,"comment_status":"closed","ping_status":"open","sticky":false,"template":"","format":"standard","meta":{"_lmt_disableupdate":"","_lmt_disable":"","_jetpack_memberships_contains_paid_content":false,"footnotes":""},"categories":[109,46],"tags":[3370],"class_list":["post-86714","post","type-post","status-publish","format-standard","has-post-thumbnail","hentry","category-minuto-a-minuto","category-zona-blanca","tag-claudia-sheinbaum"],"jetpack_featured_media_url":"https:\/\/zonaroja.com.mx\/wp-content\/uploads\/2025\/11\/Claudia-Sheinbaum-Plan-Michoacan.jpg","jetpack_sharing_enabled":true,"_links":{"self":[{"href":"https:\/\/zonaroja.com.mx\/index.php?rest_route=\/wp\/v2\/posts\/86714","targetHints":{"allow":["GET"]}}],"collection":[{"href":"https:\/\/zonaroja.com.mx\/index.php?rest_route=\/wp\/v2\/posts"}],"about":[{"href":"https:\/\/zonaroja.com.mx\/index.php?rest_route=\/wp\/v2\/types\/post"}],"author":[{"embeddable":true,"href":"https:\/\/zonaroja.com.mx\/index.php?rest_route=\/wp\/v2\/users\/2"}],"replies":[{"embeddable":true,"href":"https:\/\/zonaroja.com.mx\/index.php?rest_route=%2Fwp%2Fv2%2Fcomments&post=86714"}],"version-history":[{"count":1,"href":"https:\/\/zonaroja.com.mx\/index.php?rest_route=\/wp\/v2\/posts\/86714\/revisions"}],"predecessor-version":[{"id":86716,"href":"https:\/\/zonaroja.com.mx\/index.php?rest_route=\/wp\/v2\/posts\/86714\/revisions\/86716"}],"wp:featuredmedia":[{"embeddable":true,"href":"https:\/\/zonaroja.com.mx\/index.php?rest_route=\/wp\/v2\/media\/86715"}],"wp:attachment":[{"href":"https:\/\/zonaroja.com.mx\/index.php?rest_route=%2Fwp%2Fv2%2Fmedia&parent=86714"}],"wp:term":[{"taxonomy":"category","embeddable":true,"href":"https:\/\/zonaroja.com.mx\/index.php?rest_route=%2Fwp%2Fv2%2Fcategories&post=86714"},{"taxonomy":"post_tag","embeddable":true,"href":"https:\/\/zonaroja.com.mx\/index.php?rest_route=%2Fwp%2Fv2%2Ftags&post=86714"}],"curies":[{"name":"wp","href":"https:\/\/api.w.org\/{rel}","templated":true}]}}