{"id":86719,"date":"2025-11-09T19:37:41","date_gmt":"2025-11-10T01:37:41","guid":{"rendered":"https:\/\/zonaroja.com.mx\/?p=86719"},"modified":"2025-11-09T19:37:43","modified_gmt":"2025-11-10T01:37:43","slug":"emiten-convocatoria-rayos-x-mexicanos-la-radiografia-como-lenguaje-expresivo","status":"publish","type":"post","link":"https:\/\/zonaroja.com.mx\/?p=86719","title":{"rendered":"Emiten convocatoria \u201cRayos X Mexicanos. La radiograf\u00eda como lenguaje expresivo\u201d"},"content":{"rendered":"\n<p>Redacci\u00f3n\/Zona Roja.&nbsp;<\/p>\n\n\n\n<p>Oaxaca, Oax., a 9 de noviembre de 2025.- El Gobierno del Estado de Oaxaca lanz\u00f3 la convocatoria \u201cRayos X Mexicanos. La radiograf\u00eda como lenguaje expresivo\u201d, en el marco de los 130 a\u00f1os del descubrimiento de esta tecnolog\u00eda.<\/p>\n\n\n\n<p>A trav\u00e9s de la Secretar\u00eda de las Culturas y Artes de Oaxaca (Seculta), el Centro de las Artes de San Agust\u00edn (CaSa) y el Centro Fotogr\u00e1fico Manuel \u00c1lvarez Bravo (CFMAB), este concurso busca reconocer obras realizadas con rayos X que destaquen por su potencia visual, valor est\u00e9tico y creatividad, promoviendo el di\u00e1logo entre el arte, la ciencia y la cultura contempor\u00e1nea.<\/p>\n\n\n\n<p>En el anuncio participaron el titular de la Seculta, Flavio Sosa Villavicencio; la presidenta de la Asociaci\u00f3n Civil Francisco Toledo, Sara L\u00f3pez Ellitsgaard; el director del CFMAB, Fausto Nah\u00fam P\u00e9rez S\u00e1nchez y el director del CaSa, Daniel Brena, quienes resaltaron la importancia de esta iniciativa para promover la innovaci\u00f3n y el talento art\u00edstico en Oaxaca y M\u00e9xico.<\/p>\n\n\n\n<p>La recepci\u00f3n de propuestas ser\u00e1 hasta el 30 de enero de 2026; los resultados se emitir\u00e1n el 6 de marzo de 2026 a trav\u00e9s de las redes sociales y p\u00e1ginas web de las instituciones convocantes, y el registro de las piezas participantes se har\u00e1 en el link: bit.ly\/rayosxmexicanos<\/p>\n\n\n\n<p>El premio ser\u00e1 de 30 mil pesos y la obra ganadora se exhibir\u00e1 en el CFMAB. Adem\u00e1s de esta exposici\u00f3n, se realizar\u00e1n talleres, pl\u00e1ticas y muestras art\u00edsticas en honor al legado del artista oaxaque\u00f1o Francisco Toledo.<\/p>\n\n\n\n<p>La actividad tambi\u00e9n forma parte de los aniversarios 30 y 20 del CFMAB y el CaSa, respectivamente; y es respaldada por el programa de Desarrollo, Arte y Cultura (DAC) de Banamex.<\/p>\n\n\n\n<p>El Gobierno del Estado impulsa el arte y la creatividad como derechos culturales, fomentando la participaci\u00f3n ciudadana y el acceso a expresiones contempor\u00e1neas que fortalezcan el desarrollo en estos \u00e1mbitos en el estado.<\/p>\n","protected":false},"excerpt":{"rendered":"<p>Redacci\u00f3n\/Zona Roja.&nbsp; Oaxaca, Oax., a 9 de noviembre de 2025.- El Gobierno del Estado de&hellip;<\/p>\n","protected":false},"author":2,"featured_media":86720,"comment_status":"closed","ping_status":"open","sticky":false,"template":"","format":"standard","meta":{"_lmt_disableupdate":"","_lmt_disable":"","_jetpack_memberships_contains_paid_content":false,"footnotes":""},"categories":[109,46],"tags":[791,3368],"class_list":["post-86719","post","type-post","status-publish","format-standard","has-post-thumbnail","hentry","category-minuto-a-minuto","category-zona-blanca","tag-instituto-de-artes-graficas-de-oaxaca","tag-secretaria-de-las-culturas-seculta"],"jetpack_featured_media_url":"https:\/\/zonaroja.com.mx\/wp-content\/uploads\/2025\/11\/Lanza-Gobierno-de-Oaxaca-convocatoria-Rayos-X-Mexicanos.-La-radiografia-como-lenguaje-expresivo-1.jpeg","jetpack_sharing_enabled":true,"_links":{"self":[{"href":"https:\/\/zonaroja.com.mx\/index.php?rest_route=\/wp\/v2\/posts\/86719","targetHints":{"allow":["GET"]}}],"collection":[{"href":"https:\/\/zonaroja.com.mx\/index.php?rest_route=\/wp\/v2\/posts"}],"about":[{"href":"https:\/\/zonaroja.com.mx\/index.php?rest_route=\/wp\/v2\/types\/post"}],"author":[{"embeddable":true,"href":"https:\/\/zonaroja.com.mx\/index.php?rest_route=\/wp\/v2\/users\/2"}],"replies":[{"embeddable":true,"href":"https:\/\/zonaroja.com.mx\/index.php?rest_route=%2Fwp%2Fv2%2Fcomments&post=86719"}],"version-history":[{"count":1,"href":"https:\/\/zonaroja.com.mx\/index.php?rest_route=\/wp\/v2\/posts\/86719\/revisions"}],"predecessor-version":[{"id":86721,"href":"https:\/\/zonaroja.com.mx\/index.php?rest_route=\/wp\/v2\/posts\/86719\/revisions\/86721"}],"wp:featuredmedia":[{"embeddable":true,"href":"https:\/\/zonaroja.com.mx\/index.php?rest_route=\/wp\/v2\/media\/86720"}],"wp:attachment":[{"href":"https:\/\/zonaroja.com.mx\/index.php?rest_route=%2Fwp%2Fv2%2Fmedia&parent=86719"}],"wp:term":[{"taxonomy":"category","embeddable":true,"href":"https:\/\/zonaroja.com.mx\/index.php?rest_route=%2Fwp%2Fv2%2Fcategories&post=86719"},{"taxonomy":"post_tag","embeddable":true,"href":"https:\/\/zonaroja.com.mx\/index.php?rest_route=%2Fwp%2Fv2%2Ftags&post=86719"}],"curies":[{"name":"wp","href":"https:\/\/api.w.org\/{rel}","templated":true}]}}