{"id":8672,"date":"2020-02-11T23:10:06","date_gmt":"2020-02-12T05:10:06","guid":{"rendered":"https:\/\/www.zonaroja.com.mx\/?p=8672"},"modified":"2020-02-11T23:18:17","modified_gmt":"2020-02-12T05:18:17","slug":"enfrentamiento-entre-civiles-y-policias-en-veracruz-dejo-4-heridos-y-20-detenidos","status":"publish","type":"post","link":"https:\/\/zonaroja.com.mx\/?p=8672","title":{"rendered":"Enfrentamiento entre civiles y polic\u00edas en Veracruz dej\u00f3 4 heridos y 20 detenidos"},"content":{"rendered":"\n<p class=\"MsoNormal\">Redacci\u00f3n\/Zona Roja Cdmx.&nbsp;<\/p>\n\n\n\n<p class=\"MsoNormal\">Ciudad de M\u00e9xico, 11 de febrero de 2020.- Cuatro personas lesionadas, entre ellas periodistas, una patrulla quemada y 20 detenidos es el saldo preliminar de un enfrentamiento entre pobladores y polic\u00edas en Ciudad Isla, Veracruz, colindante con Loma Bonita, Oaxaca.&nbsp;<\/p>\n\n\n\n<p class=\"MsoNormal\">Uno de los agredidos por uniformados de la Fuerza Civil fue Alberto Carmona, periodista del medio informativo \u201cEl Pi\u00f1ero\u201d, que acudi\u00f3 a cubrir la refriega.&nbsp;<\/p>\n\n\n\n<p class=\"MsoNormal\">Alrededor del mediod\u00eda de este martes, un&nbsp;grupo de civiles de Oaxaca y Veracruz lleg\u00f3&nbsp;hasta la base de la Guardia Nacional, en el municipio de Isla, en la zona sur de Veracruz, lanz\u00f3 piedras a las instalaciones policiacas y prendi\u00f3 fuego a una patrulla de la Fuerza Civil que hac\u00eda base en el sitio, a fin de exigir su salida.<\/p>\n\n\n\n<p class=\"MsoNormal\">En cartulinas y lonas, los civiles denunciaron presuntos abusos por parte de elementos de la Fuerza Civil, entre ellos, la detenci\u00f3n arbitraria de un hombre; as\u00ed como el hallazgo sin vida de una persona desaparecida recientemente.<\/p>\n\n\n\n<p class=\"MsoNormal\">Un elemento de la Guardia Nacional sali\u00f3 de la base policiaca, se acerc\u00f3 al grupo de personas y les ofreci\u00f3 establecer una mesa de di\u00e1logo para dirimir sus inconformidades.<\/p>\n\n\n\n<p class=\"MsoNormal\">Los manifestantes rechazaron la oferta y le pidieron que se hicieran a un lado porque la inconformidad era contra los elementos de la Fuerza Civil.<\/p>\n\n\n\n<p class=\"MsoNormal\">En las transmisiones disponibles en internet se escuchan varios disparos al aire y aunque no se observa con claridad de qu\u00e9 bando fueron emitidas se le atribuyen a la Fuerza Civil.<\/p>\n\n\n\n<p class=\"MsoNormal\">Al parecer los disparos fueron para dispersar la manifestaci\u00f3n del grupo de personas que ten\u00edan rodeada la base policiaca; como resultado hubo cuatro civiles heridos y dos polic\u00edas estatales.<\/p>\n\n\n\n<p class=\"MsoNormal\">El secretario de Seguridad P\u00fablica estatal, Hugo Guti\u00e9rrez Maldonado, confirm\u00f3 que en el lugar elementos de su corporaci\u00f3n y fuerzas federales mantienen desde hace algunos d\u00edas un operativo en la zona para disminuir la criminalidad, lo que habr\u00eda dado lugar a la agresi\u00f3n de hoy.<\/p>\n","protected":false},"excerpt":{"rendered":"<p>Redacci\u00f3n\/Zona Roja Cdmx.&nbsp; Ciudad de M\u00e9xico, 11 de febrero de 2020.- Cuatro personas lesionadas, entre&hellip;<\/p>\n","protected":false},"author":2,"featured_media":8671,"comment_status":"closed","ping_status":"open","sticky":false,"template":"","format":"standard","meta":{"_lmt_disableupdate":"","_lmt_disable":"","_jetpack_memberships_contains_paid_content":false,"footnotes":""},"categories":[109,51],"tags":[1360,99],"class_list":["post-8672","post","type-post","status-publish","format-standard","has-post-thumbnail","hentry","category-minuto-a-minuto","category-zona-roja","tag-ciudad-isla","tag-veracruz"],"jetpack_featured_media_url":"https:\/\/zonaroja.com.mx\/wp-content\/uploads\/2020\/02\/img_7715.jpg","jetpack_sharing_enabled":true,"_links":{"self":[{"href":"https:\/\/zonaroja.com.mx\/index.php?rest_route=\/wp\/v2\/posts\/8672","targetHints":{"allow":["GET"]}}],"collection":[{"href":"https:\/\/zonaroja.com.mx\/index.php?rest_route=\/wp\/v2\/posts"}],"about":[{"href":"https:\/\/zonaroja.com.mx\/index.php?rest_route=\/wp\/v2\/types\/post"}],"author":[{"embeddable":true,"href":"https:\/\/zonaroja.com.mx\/index.php?rest_route=\/wp\/v2\/users\/2"}],"replies":[{"embeddable":true,"href":"https:\/\/zonaroja.com.mx\/index.php?rest_route=%2Fwp%2Fv2%2Fcomments&post=8672"}],"version-history":[{"count":1,"href":"https:\/\/zonaroja.com.mx\/index.php?rest_route=\/wp\/v2\/posts\/8672\/revisions"}],"predecessor-version":[{"id":8673,"href":"https:\/\/zonaroja.com.mx\/index.php?rest_route=\/wp\/v2\/posts\/8672\/revisions\/8673"}],"wp:featuredmedia":[{"embeddable":true,"href":"https:\/\/zonaroja.com.mx\/index.php?rest_route=\/wp\/v2\/media\/8671"}],"wp:attachment":[{"href":"https:\/\/zonaroja.com.mx\/index.php?rest_route=%2Fwp%2Fv2%2Fmedia&parent=8672"}],"wp:term":[{"taxonomy":"category","embeddable":true,"href":"https:\/\/zonaroja.com.mx\/index.php?rest_route=%2Fwp%2Fv2%2Fcategories&post=8672"},{"taxonomy":"post_tag","embeddable":true,"href":"https:\/\/zonaroja.com.mx\/index.php?rest_route=%2Fwp%2Fv2%2Ftags&post=8672"}],"curies":[{"name":"wp","href":"https:\/\/api.w.org\/{rel}","templated":true}]}}