{"id":86724,"date":"2025-11-10T07:23:24","date_gmt":"2025-11-10T13:23:24","guid":{"rendered":"https:\/\/zonaroja.com.mx\/?p=86724"},"modified":"2025-11-10T07:31:54","modified_gmt":"2025-11-10T13:31:54","slug":"otro-mototaxista-asesinado-a-balazos-en-juchitan","status":"publish","type":"post","link":"https:\/\/zonaroja.com.mx\/?p=86724","title":{"rendered":"\u00a1Otro mototaxista asesinado a balazos en Juchit\u00e1n!"},"content":{"rendered":"\n<p>Ismael Garc\u00eda M.\/Zona Roja. Foto: ADN Sureste<\/p>\n\n\n\n<p>Oaxaca, Oax., a 10 de noviembre de 2025.- Por en\u00e9sima ocasi\u00f3n, en Juchit\u00e1n de Zaragoza fue asesinado a balazos un mototaxista.<\/p>\n\n\n\n<p>La agresi\u00f3n armada ocurri\u00f3 anoche a un costado de la carretera que conduce a la agencia Playa Vicente, a la altura de la colonia Heliodoro Charis Castro, de la S\u00e9ptima Secci\u00f3n.<\/p>\n\n\n\n<p>La unidad de motor del sitio \u201cMa\u00edz\u201d transitaba sobre la vialidad cuando sujetos armados dispararon en contra de los ocupantes, perdiendo la vida en el lugar el mototaxista H\u00e9ctor \u201cN\u201d.<\/p>\n\n\n\n<p>Resultaron lesionados adem\u00e1s un beb\u00e9 y un adulto mayor, este \u00faltimo trasladado a un hospital debido a la gravedad de las lesiones; los familiares se llevaron de inmediato el cuerpo a su domicilio, antes de la llegada de las corporaciones policiacas.<\/p>\n\n\n\n<p>La Vicefiscal\u00eda Regional del Istmo contin\u00faa con las indagatorias correspondientes para dar con los autores del crimen.&nbsp;<\/p>\n\n\n\n<p>Ayer tambi\u00e9n pero en Santo Domingo Tehuantepec, fue ejecutado a balazos un individuo, en jurisdicci\u00f3n del barrio de Santa Cruz Tagolaba; las autoridades ministeriales lo identificaron como Mario F. G., de 22 a\u00f1os de edad, originario y vecino de dicho municipio.<\/p>\n\n\n\n<p>En el caso de Juchit\u00e1n, el pasado mi\u00e9rcoles ejecutaron a balazos a otra persona, en la Novena Secci\u00f3n; una m\u00e1s el d\u00eda 2 de noviembre y en todos los casos hasta el momento no hay reporte de personas detenidas.<\/p>\n","protected":false},"excerpt":{"rendered":"<p>Ismael Garc\u00eda M.\/Zona Roja. Foto: ADN Sureste Oaxaca, Oax., a 10 de noviembre de 2025.-&hellip;<\/p>\n","protected":false},"author":2,"featured_media":86725,"comment_status":"closed","ping_status":"open","sticky":false,"template":"","format":"standard","meta":{"_lmt_disableupdate":"","_lmt_disable":"","_jetpack_memberships_contains_paid_content":false,"footnotes":""},"categories":[109,51],"tags":[123],"class_list":["post-86724","post","type-post","status-publish","format-standard","has-post-thumbnail","hentry","category-minuto-a-minuto","category-zona-roja","tag-juchitan-de-zaragoza"],"jetpack_featured_media_url":"https:\/\/zonaroja.com.mx\/wp-content\/uploads\/2025\/11\/Mototaxista-ejecutado-en-Juchitan-Septima-Seccion-.jpeg","jetpack_sharing_enabled":true,"_links":{"self":[{"href":"https:\/\/zonaroja.com.mx\/index.php?rest_route=\/wp\/v2\/posts\/86724","targetHints":{"allow":["GET"]}}],"collection":[{"href":"https:\/\/zonaroja.com.mx\/index.php?rest_route=\/wp\/v2\/posts"}],"about":[{"href":"https:\/\/zonaroja.com.mx\/index.php?rest_route=\/wp\/v2\/types\/post"}],"author":[{"embeddable":true,"href":"https:\/\/zonaroja.com.mx\/index.php?rest_route=\/wp\/v2\/users\/2"}],"replies":[{"embeddable":true,"href":"https:\/\/zonaroja.com.mx\/index.php?rest_route=%2Fwp%2Fv2%2Fcomments&post=86724"}],"version-history":[{"count":2,"href":"https:\/\/zonaroja.com.mx\/index.php?rest_route=\/wp\/v2\/posts\/86724\/revisions"}],"predecessor-version":[{"id":86727,"href":"https:\/\/zonaroja.com.mx\/index.php?rest_route=\/wp\/v2\/posts\/86724\/revisions\/86727"}],"wp:featuredmedia":[{"embeddable":true,"href":"https:\/\/zonaroja.com.mx\/index.php?rest_route=\/wp\/v2\/media\/86725"}],"wp:attachment":[{"href":"https:\/\/zonaroja.com.mx\/index.php?rest_route=%2Fwp%2Fv2%2Fmedia&parent=86724"}],"wp:term":[{"taxonomy":"category","embeddable":true,"href":"https:\/\/zonaroja.com.mx\/index.php?rest_route=%2Fwp%2Fv2%2Fcategories&post=86724"},{"taxonomy":"post_tag","embeddable":true,"href":"https:\/\/zonaroja.com.mx\/index.php?rest_route=%2Fwp%2Fv2%2Ftags&post=86724"}],"curies":[{"name":"wp","href":"https:\/\/api.w.org\/{rel}","templated":true}]}}