{"id":86728,"date":"2025-11-10T08:15:00","date_gmt":"2025-11-10T14:15:00","guid":{"rendered":"https:\/\/zonaroja.com.mx\/?p=86728"},"modified":"2025-11-10T07:48:17","modified_gmt":"2025-11-10T13:48:17","slug":"lamenta-arzobispo-de-oaxaca-danos-a-catedral-y-exterior","status":"publish","type":"post","link":"https:\/\/zonaroja.com.mx\/?p=86728","title":{"rendered":"Lamenta Arzobispo de Oaxaca da\u00f1os a Catedral y exterior"},"content":{"rendered":"\n<p>Raymundo Morales\/Zona Roja.<\/p>\n\n\n\n<p>Oaxaca, Oax., a 10 de noviembre de 2025.- Tras los recientes hechos del pasado fin de semana por un evento de diputados de Morena, el Arzobispo de Antequera Oaxaca, Pedro V\u00e1zquez Villalobos, lament\u00f3 que se sigan causando da\u00f1os a la Catedral metropolitana y su exterior.<\/p>\n\n\n\n<p>\u201cHoy, nos recuerda Nuestro Se\u00f1or, en su Palabra, que hay que cuidar nuestro templo, hay que cuidarlo y no solamente el interior sino tambi\u00e9n el exterior. A veces, el exterior no es respetado, no es respetado.&nbsp;<\/p>\n\n\n\n<p>\u201cTodos esos biombos que ustedes ven que tapan los muros de nuestra Iglesia Catedral, es porque est\u00e1n haciendo un trabajo de limpieza, un trabajo de limpieza, trabajo que a\u00f1o tras a\u00f1o hacen, por desgracia.<\/p>\n\n\n\n<p>\u201cPor desgracia los muros de nuestra Catedral no son respetados en ciertos momentos, se nos olvida que es un espacio sagrado, se nos olvida y, a veces, a veces decimos: son los enemigos de la Iglesia, que a veces son nuestros hermanos, nuestros hermanos, nuestros familiares, nuestros vecinos, nuestros conocidos y no los creemos tan enemigos\u201d, dijo.<\/p>\n\n\n\n<p>En su homil\u00eda de ayer domingo al mediod\u00eda, llam\u00f3 a preservar y respetar los bienes de la iglesia Cat\u00f3lica:<\/p>\n\n\n\n<p>\u201cLes invito a ustedes, que van formando las conciencias, los pensamientos, los corazones de los que vienen despu\u00e9s de nosotros, f\u00f3rmenlos en el respeto, en el respeto, en primer lugar respeto a Dios, en segundo lugar, respeto a toda persona, a toda persona y si los vamos a ense\u00f1ar al respeto, seamos los primeros en respetar, en respetar\u201d.<\/p>\n\n\n\n<p>Luego expuso que en sus 46 a\u00f1os de sacerdote y 12 a\u00f1os de Obispo, \u201cno es tan f\u00e1cil venir aqu\u00ed y ponerse frente a ustedes, porque nos est\u00e1n mirando, no dejan de mirarnos, no dejan de contemplarnos y est\u00e1n muy atentos a ver qu\u00e9 decimos y c\u00f3mo lo decimos\u201d.<\/p>\n\n\n\n<p>Convoc\u00f3 a ense\u00f1ar a ni\u00f1os y j\u00f3venes a ser respetuosos pero tambi\u00e9n a ense\u00f1arles con el testimonio de vida; que nos vean a nosotros, que estamos respetando, que no respondemos a los insultos, a las maltratadas, a los gritos, no respondemos, guardamos el silencio por el respeto\u201d.&nbsp;<\/p>\n\n\n\n<p>Las paredes de la Catedral, en el Centro Hist\u00f3rico de la ciudad de Oaxaca, son continuamente vandalizadas, durante las marchas de organizaciones sociales y grupos de feministas, adem\u00e1s de que muchas personas utilizan las \u00e1reas para realizar sus necesidades b\u00e1sicas; actualmente est\u00e1 cercado por las tareas de rehabilitaci\u00f3n.<\/p>\n\n\n\n<p>Y apenas el pasado viernes, personas de una empresa que colocaron una carpa para el informe de diputados locales de Morena, perforaron el piso para amarrar la estructura, video y fotograf\u00edas que se volvieron virales en las redes sociales, pero hasta el momento no hay una postura de las autoridades estatales y federales.<\/p>\n\n\n\n<figure class=\"wp-block-embed is-type-rich is-provider-twitter wp-block-embed-twitter\"><div class=\"wp-block-embed__wrapper\">\n<div class=\"twitter-tweet\"><blockquote class=\"twitter-tweet\" data-lang=\"es\"><p lang=\"es\" dir=\"ltr\">Sobre los da\u00f1os a la Catedral de <a href=\"https:\/\/twitter.com\/hashtag\/Oaxaca?src=hash&amp;ref_src=twsrc%5Etfw\">#Oaxaca<\/a> y su exterior habl\u00f3 hoy el Arzobispo de Antequera, Pedro V\u00e1zquez Villalobos: <br><br>\u201cA veces, el exterior no es respetado, no es respetado. Todos esos biombos que ustedes ven que tapan los muros de nuestra Iglesia Catedral, es porque est\u00e1n\u2026 <a href=\"https:\/\/t.co\/Iw6fy18lqe\">pic.twitter.com\/Iw6fy18lqe<\/a><\/p>&mdash; Zona Roja Oaxaca (@ZonaRoja_Oaxaca) <a href=\"https:\/\/twitter.com\/ZonaRoja_Oaxaca\/status\/1987649614183305531?ref_src=twsrc%5Etfw\">9 de noviembre de 2025<\/a><\/blockquote><\/div>\n<\/div><\/figure>\n","protected":false},"excerpt":{"rendered":"<p>Raymundo Morales\/Zona Roja. Oaxaca, Oax., a 10 de noviembre de 2025.- Tras los recientes hechos&hellip;<\/p>\n","protected":false},"author":2,"featured_media":86729,"comment_status":"closed","ping_status":"open","sticky":false,"template":"","format":"standard","meta":{"_lmt_disableupdate":"","_lmt_disable":"","_jetpack_memberships_contains_paid_content":false,"footnotes":""},"categories":[109,46],"tags":[2219],"class_list":["post-86728","post","type-post","status-publish","format-standard","has-post-thumbnail","hentry","category-minuto-a-minuto","category-zona-blanca","tag-arzobispo-pedro-vazquez-villalobos"],"jetpack_featured_media_url":"https:\/\/zonaroja.com.mx\/wp-content\/uploads\/2025\/11\/Danos-atrio-catedral-de-Oaxaca.jpg","jetpack_sharing_enabled":true,"_links":{"self":[{"href":"https:\/\/zonaroja.com.mx\/index.php?rest_route=\/wp\/v2\/posts\/86728","targetHints":{"allow":["GET"]}}],"collection":[{"href":"https:\/\/zonaroja.com.mx\/index.php?rest_route=\/wp\/v2\/posts"}],"about":[{"href":"https:\/\/zonaroja.com.mx\/index.php?rest_route=\/wp\/v2\/types\/post"}],"author":[{"embeddable":true,"href":"https:\/\/zonaroja.com.mx\/index.php?rest_route=\/wp\/v2\/users\/2"}],"replies":[{"embeddable":true,"href":"https:\/\/zonaroja.com.mx\/index.php?rest_route=%2Fwp%2Fv2%2Fcomments&post=86728"}],"version-history":[{"count":1,"href":"https:\/\/zonaroja.com.mx\/index.php?rest_route=\/wp\/v2\/posts\/86728\/revisions"}],"predecessor-version":[{"id":86730,"href":"https:\/\/zonaroja.com.mx\/index.php?rest_route=\/wp\/v2\/posts\/86728\/revisions\/86730"}],"wp:featuredmedia":[{"embeddable":true,"href":"https:\/\/zonaroja.com.mx\/index.php?rest_route=\/wp\/v2\/media\/86729"}],"wp:attachment":[{"href":"https:\/\/zonaroja.com.mx\/index.php?rest_route=%2Fwp%2Fv2%2Fmedia&parent=86728"}],"wp:term":[{"taxonomy":"category","embeddable":true,"href":"https:\/\/zonaroja.com.mx\/index.php?rest_route=%2Fwp%2Fv2%2Fcategories&post=86728"},{"taxonomy":"post_tag","embeddable":true,"href":"https:\/\/zonaroja.com.mx\/index.php?rest_route=%2Fwp%2Fv2%2Ftags&post=86728"}],"curies":[{"name":"wp","href":"https:\/\/api.w.org\/{rel}","templated":true}]}}