{"id":86731,"date":"2025-11-10T09:15:00","date_gmt":"2025-11-10T15:15:00","guid":{"rendered":"https:\/\/zonaroja.com.mx\/?p=86731"},"modified":"2025-11-10T07:51:42","modified_gmt":"2025-11-10T13:51:42","slug":"secuestro-a-una-persona-en-oaxaca-se-escondio-por-12-anos-pero-ya-fue-detenido","status":"publish","type":"post","link":"https:\/\/zonaroja.com.mx\/?p=86731","title":{"rendered":"Secuestr\u00f3 a una persona en Oaxaca; se escondi\u00f3 por 12 a\u00f1os pero ya fue detenido"},"content":{"rendered":"\n<p>Redacci\u00f3n\/Zona Roja.&nbsp;<\/p>\n\n\n\n<p>Oaxaca, Oax. a 10 de noviembre de 2025. &#8211; La Fiscal\u00eda General del Estado de Oaxaca (FGEO) ejecut\u00f3 una orden de aprehensi\u00f3n en contra de una persona del sexo masculino identificada como L.R.M. o L.R.M.S., por el delito de secuestro agravado cometido en agravio de una mujer, en hechos ocurridos en la regi\u00f3n de los Valles Centrales.<\/p>\n\n\n\n<p>De acuerdo con el expediente penal, los hechos ocurrieron la noche del 12 de agosto de 2013, cuando la v\u00edctima, identificada como A.V.R., se encontraba en un establecimiento ubicado en la calle Ricardo Flores Mag\u00f3n de la colonia Guillermo Gonz\u00e1lez Guardado, perteneciente al municipio de la Villa de Zaachila, sitio al que arrib\u00f3 un grupo de personas a bordo de un veh\u00edculo con placas del estado de Puebla, quienes la sometieron y privaron ilegalmente de su libertad.<\/p>\n\n\n\n<p>Posteriormente, la v\u00edctima fue trasladada a un establecimiento de hospedaje ubicado sobre la avenida S\u00edmbolos Patrios, donde permaneci\u00f3 secuestrada.<\/p>\n\n\n\n<p>Durante el cautiverio, los responsables mantuvieron comunicaci\u00f3n con los familiares de la v\u00edctima para exigir una fuerte suma de dinero a cambio de su liberaci\u00f3n.<\/p>\n\n\n\n<p>Las indagatorias revelan que, el 13 de agosto, la v\u00edctima fue llevada a otro inmueble ubicado en la calle Calicanto en el municipio de San Antonio de la Cal y finalmente, durante la madrugada del 16 de agosto, fue trasladada a una gasolinera ubicada en inmediaciones de San Agust\u00edn de las Juntas, donde fue liberada.<\/p>\n\n\n\n<p>Derivado de la denuncia, la FGEO inici\u00f3 las investigaciones correspondientes a trav\u00e9s de la Vicefiscal\u00eda General de Control Regional y elementos de la Agencia Estatal de Investigaciones (AEI), lo que permiti\u00f3 obtener una orden de aprehensi\u00f3n y posteriormente detener a L.R.M. o L.R.M.S., por el delito de secuestro agravado.<\/p>\n\n\n\n<p>Tras su detenci\u00f3n, L.R.M. o L.R.M.S. fue puesto a disposici\u00f3n de la autoridad competente para resolver su situaci\u00f3n jur\u00eddica.<\/p>\n\n\n\n<p>La Fiscal\u00eda de Oaxaca reafirma que las acciones de combate al secuestro se realizan con estricto apego a los protocolos establecidos, garantizando el acceso a la justicia y la atenci\u00f3n integral a las v\u00edctimas directas e indirectas.<\/p>\n\n\n\n<p>PEDERASTA DETENIDO<\/p>\n\n\n\n<p>Por otra parte, la Fiscal\u00eda General del Estado dio cumplimiento una orden de aprehensi\u00f3n que permiti\u00f3 la detenci\u00f3n de una persona del sexo masculino identificado como H.L.H., por el delito de pederastia, ocurrido en la regi\u00f3n del Istmo de Tehuantepec<\/p>\n\n\n\n<p>De acuerdo con el informe ministerial de la FGEO, los hechos ocurrieron el d\u00eda 13 de enero de 2022, en el interior de un domicilio ubicado en la calle Cosijopi del Barrio Santa Mar\u00eda, perteneciente al municipio de Santo Domingo Tehuantepec, donde la v\u00edctima -una menor de edad, cuya identidad est\u00e1 reservada por ley- fue amenazada con un arma punzocortante (cuchillo) para despu\u00e9s ser ataca sexualmente.<\/p>\n\n\n\n<p>Al tener conocimiento de los hechos, gracias a la denuncia oportuna de la v\u00edctima, la FGEO inici\u00f3 las investigaciones ministeriales correspondientes con perspectiva de infancia a trav\u00e9s de la Vicefiscal\u00eda Regional del Istmo, logrando obtener una orden de aprehensi\u00f3n en contra de H.L.H., quien luego de su detenci\u00f3n efectuada por elementos de la Agencia Estatal de Investigaciones (AEI), cuando se encontraba en calles del Barrio Vixhana de San Blas Atempa, fue presentado ante el Ministerio P\u00fablico para su proceso legal correspondiente.<\/p>\n","protected":false},"excerpt":{"rendered":"<p>Redacci\u00f3n\/Zona Roja.&nbsp; Oaxaca, Oax. a 10 de noviembre de 2025. &#8211; La Fiscal\u00eda General del&hellip;<\/p>\n","protected":false},"author":2,"featured_media":86732,"comment_status":"closed","ping_status":"open","sticky":false,"template":"","format":"standard","meta":{"_lmt_disableupdate":"","_lmt_disable":"","_jetpack_memberships_contains_paid_content":false,"footnotes":""},"categories":[109,46],"tags":[494],"class_list":["post-86731","post","type-post","status-publish","format-standard","has-post-thumbnail","hentry","category-minuto-a-minuto","category-zona-blanca","tag-fiscalia-general-del-estado-de-oaxaca"],"jetpack_featured_media_url":"https:\/\/zonaroja.com.mx\/wp-content\/uploads\/2025\/11\/Secuestrador-detenido-Oaxaca-Fiscalia.jpg","jetpack_sharing_enabled":true,"_links":{"self":[{"href":"https:\/\/zonaroja.com.mx\/index.php?rest_route=\/wp\/v2\/posts\/86731","targetHints":{"allow":["GET"]}}],"collection":[{"href":"https:\/\/zonaroja.com.mx\/index.php?rest_route=\/wp\/v2\/posts"}],"about":[{"href":"https:\/\/zonaroja.com.mx\/index.php?rest_route=\/wp\/v2\/types\/post"}],"author":[{"embeddable":true,"href":"https:\/\/zonaroja.com.mx\/index.php?rest_route=\/wp\/v2\/users\/2"}],"replies":[{"embeddable":true,"href":"https:\/\/zonaroja.com.mx\/index.php?rest_route=%2Fwp%2Fv2%2Fcomments&post=86731"}],"version-history":[{"count":1,"href":"https:\/\/zonaroja.com.mx\/index.php?rest_route=\/wp\/v2\/posts\/86731\/revisions"}],"predecessor-version":[{"id":86733,"href":"https:\/\/zonaroja.com.mx\/index.php?rest_route=\/wp\/v2\/posts\/86731\/revisions\/86733"}],"wp:featuredmedia":[{"embeddable":true,"href":"https:\/\/zonaroja.com.mx\/index.php?rest_route=\/wp\/v2\/media\/86732"}],"wp:attachment":[{"href":"https:\/\/zonaroja.com.mx\/index.php?rest_route=%2Fwp%2Fv2%2Fmedia&parent=86731"}],"wp:term":[{"taxonomy":"category","embeddable":true,"href":"https:\/\/zonaroja.com.mx\/index.php?rest_route=%2Fwp%2Fv2%2Fcategories&post=86731"},{"taxonomy":"post_tag","embeddable":true,"href":"https:\/\/zonaroja.com.mx\/index.php?rest_route=%2Fwp%2Fv2%2Ftags&post=86731"}],"curies":[{"name":"wp","href":"https:\/\/api.w.org\/{rel}","templated":true}]}}