{"id":86734,"date":"2025-11-10T11:30:00","date_gmt":"2025-11-10T17:30:00","guid":{"rendered":"https:\/\/zonaroja.com.mx\/?p=86734"},"modified":"2025-11-10T07:55:37","modified_gmt":"2025-11-10T13:55:37","slug":"polemica-maniobra-de-morena-para-hacer-campana-con-revocacion-de-mandato","status":"publish","type":"post","link":"https:\/\/zonaroja.com.mx\/?p=86734","title":{"rendered":"Pol\u00e9mica maniobra de Morena para hacer campa\u00f1a con Revocaci\u00f3n de Mandato"},"content":{"rendered":"\n<p>Redacci\u00f3n\/Zona Roja Cdmx.<\/p>\n\n\n\n<p>(Informaci\u00f3n de Pol\u00edtico.Mx)<\/p>\n\n\n\n<p>Ciudad de M\u00e9xico, a 10 de noviembre de 2025.- Al llegar a la Presidencia de M\u00e9xico, Claudia Sheinbaum se comprometi\u00f3 a someterse a la revocaci\u00f3n de mandato tal como lo hizo su antecesor y l\u00edder moral del movimiento de la llamada 4T, Andr\u00e9s Manuel L\u00f3pez Obrador, una estrategia que le permiti\u00f3 al mandatario movilizar a la maquinaria de Morena y estar en campa\u00f1a permanente.<\/p>\n\n\n\n<p>Ahora, la maquinaria de Morena en la C\u00e1mara de Diputados ha puesto en marcha una reforma constitucional para que la consulta de revocaci\u00f3n de mandato de la presidenta Claudia Sheinbaum se efect\u00fae a la par de las elecciones intermedias de 2027.<\/p>\n\n\n\n<p>La iniciativa, impulsada por Alfonso Ram\u00edrez Cu\u00e9llar, del c\u00edrculo cercano de la mandataria, busca modificar el art\u00edculo 35 constitucional. Sin embargo, ya gener\u00f3 escozor en el \u201cc\u00edrculo rojo\u201d, que acusa a Morena de intentar \u201ccolar\u201d a la presidenta en la boleta para influir y movilizar el voto a su favor en un a\u00f1o clave.<\/p>\n\n\n\n<p>En 2027, adem\u00e1s de la conformaci\u00f3n de la C\u00e1mara de Diputados, estar\u00e1n en juego 17 gubernaturas, donde Morena busca defender 12 de ellas y mantener su mayor\u00eda calificada en el Congreso.<\/p>\n\n\n\n<p>EN ALERTA<\/p>\n\n\n\n<p>La oposici\u00f3n y expertos alertan que, de aprobarse, la consulta opacar\u00e1 las campa\u00f1as locales y legislativas, centrando toda la movilizaci\u00f3n del Estado en favor de Sheinbaum.<\/p>\n\n\n\n<p>Ricardo Monreal, coordinador de Morena, reconoci\u00f3 que en 2019 se acord\u00f3 expl\u00edcitamente no empalmar la revocaci\u00f3n de AMLO con las intermedias de 2021 (por eso se mand\u00f3 a 2022). Ahora, Morena busca hacer exactamente lo que se hab\u00eda prohibido.<\/p>\n\n\n\n<p>Rub\u00e9n Moreira, coordinador del PRI, advirti\u00f3 que esto permitir\u00e1 una \u201ccampa\u00f1a anticipada\u201d, ya que la movilizaci\u00f3n para recabar las firmas iniciar\u00eda en 2026, permitiendo a los \u201cdefensores de la 4T\u201d (futuros candidatos) promoverse antes de tiempo.<\/p>\n\n\n\n<p>Luis Carlos Ugalde, expresidente del IFE, alert\u00f3 sobre la confusi\u00f3n que generar\u00e1 en el votante, que enfrentar\u00e1 la elecci\u00f3n de diputados, 17 gobernadores, la segunda elecci\u00f3n judicial y, adem\u00e1s, la revocaci\u00f3n.<\/p>\n\n\n\n<p>\u201cSi bombardeamos a los electores de cientos de temas, candidaturas y boletas, los incapacitamos para votar de forma libre e informada\u201d, dijo Ugalde.<\/p>\n\n\n\n<p>CASO AMLO<\/p>\n\n\n\n<p>El proceso al que se someti\u00f3 L\u00f3pez Obrador en 2022 se realiz\u00f3 en medio de una controversia, pues hubo una disputa presupuestal entre el Instituto Nacional Electoral (INE) con el Gobierno Federal y el Congreso.<\/p>\n\n\n\n<p>El INE, entonces encabezado por Lorenzo C\u00f3rdova Vianello, argument\u00f3 que el recorte presupuestario significativo para 2022 imped\u00eda instalar la misma cantidad de casillas que en una elecci\u00f3n federal, lo que llev\u00f3 al Consejo General a posponer la consulta. Morena y el presidente AMLO acusaron al INE de intentar boicotear el ejercicio y \u201cconspirar\u201d contra la democracia. Pero al final, tanto la Suprema Corte como el Tribunal Electoral le ordenaron continuar la organizaci\u00f3n, oblig\u00e1ndo al INE a operar con recursos limitados.<\/p>\n\n\n\n<p>Adem\u00e1s de este conflicto, la pol\u00e9mica incluy\u00f3 denuncias de promoci\u00f3n indebida, pues funcionarios y militantes de Morena fueron se\u00f1alados por violar las restricciones de propaganda gubernamental al promover la consulta activamente, incluso despu\u00e9s de las advertencias del INE.<\/p>\n\n\n\n<p>Al final, el proceso fue considerado por la oposici\u00f3n como un fracaso, pues solo particip\u00f3 el 17.77% de la poblaci\u00f3n, debajo del umbral del 40% requerido para que el resultado fuera legalmente vinculante, y el costo fue multimillonario: 1.6 mil millones de pesos.<\/p>\n\n\n\n<p>\u00bfQU\u00c9 PASA?<\/p>\n\n\n\n<p>Actualmente, el art\u00edculo 35 constitucional establece que la revocaci\u00f3n de mandato es un derecho ciudadano.<\/p>\n\n\n\n<p>Para solicitarla, una vez concluidos los tres a\u00f1os del mandato presidencial y despu\u00e9s del primer mes, se requiere la petici\u00f3n de al menos el 3% de la lista nominal de electores, pertenecientes a no menos de 16 entidades federativas.<\/p>\n\n\n\n<p>Sin embargo, la iniciativa presentada por el diputado Alfonso Ram\u00edrez Cu\u00e9llar modifica esto al plantear que la valoraci\u00f3n de la revocaci\u00f3n se realice antes de que transcurran los tres a\u00f1os del periodo sexenal, y que el proceso se lleve a cabo el mismo d\u00eda de la elecci\u00f3n federal, es decir, el primer domingo de junio.<\/p>\n\n\n\n<p>El proceso de revocaci\u00f3n de mandato inicia con la solicitud ciudadana y la recolecci\u00f3n de firmas, las cuales deben ser equivalentes al 3% de la lista nominal de electores, es decir un m\u00ednimo de 3 millones distribuidas en al menos 17 entidades federativas.<\/p>\n\n\n\n<p>El INE verificar\u00e1 el requisito de las firmas dentro de los 30 d\u00edas siguientes a la recepci\u00f3n de la solicitud. Si la solicitud es procedente, el \u00f3rgano electoral emitir\u00e1 inmediatamente la convocatoria al proceso para la revocaci\u00f3n de mandato.<\/p>\n","protected":false},"excerpt":{"rendered":"<p>Redacci\u00f3n\/Zona Roja Cdmx. (Informaci\u00f3n de Pol\u00edtico.Mx) Ciudad de M\u00e9xico, a 10 de noviembre de 2025.-&hellip;<\/p>\n","protected":false},"author":2,"featured_media":86527,"comment_status":"closed","ping_status":"open","sticky":false,"template":"","format":"standard","meta":{"_lmt_disableupdate":"","_lmt_disable":"","_jetpack_memberships_contains_paid_content":false,"footnotes":""},"categories":[109,47],"tags":[3370,3088],"class_list":["post-86734","post","type-post","status-publish","format-standard","has-post-thumbnail","hentry","category-minuto-a-minuto","category-zona-gris","tag-claudia-sheinbaum","tag-revocacion-de-mandato-mexico"],"jetpack_featured_media_url":"https:\/\/zonaroja.com.mx\/wp-content\/uploads\/2025\/11\/Revocacion-de-mandato.jpg","jetpack_sharing_enabled":true,"_links":{"self":[{"href":"https:\/\/zonaroja.com.mx\/index.php?rest_route=\/wp\/v2\/posts\/86734","targetHints":{"allow":["GET"]}}],"collection":[{"href":"https:\/\/zonaroja.com.mx\/index.php?rest_route=\/wp\/v2\/posts"}],"about":[{"href":"https:\/\/zonaroja.com.mx\/index.php?rest_route=\/wp\/v2\/types\/post"}],"author":[{"embeddable":true,"href":"https:\/\/zonaroja.com.mx\/index.php?rest_route=\/wp\/v2\/users\/2"}],"replies":[{"embeddable":true,"href":"https:\/\/zonaroja.com.mx\/index.php?rest_route=%2Fwp%2Fv2%2Fcomments&post=86734"}],"version-history":[{"count":1,"href":"https:\/\/zonaroja.com.mx\/index.php?rest_route=\/wp\/v2\/posts\/86734\/revisions"}],"predecessor-version":[{"id":86735,"href":"https:\/\/zonaroja.com.mx\/index.php?rest_route=\/wp\/v2\/posts\/86734\/revisions\/86735"}],"wp:featuredmedia":[{"embeddable":true,"href":"https:\/\/zonaroja.com.mx\/index.php?rest_route=\/wp\/v2\/media\/86527"}],"wp:attachment":[{"href":"https:\/\/zonaroja.com.mx\/index.php?rest_route=%2Fwp%2Fv2%2Fmedia&parent=86734"}],"wp:term":[{"taxonomy":"category","embeddable":true,"href":"https:\/\/zonaroja.com.mx\/index.php?rest_route=%2Fwp%2Fv2%2Fcategories&post=86734"},{"taxonomy":"post_tag","embeddable":true,"href":"https:\/\/zonaroja.com.mx\/index.php?rest_route=%2Fwp%2Fv2%2Ftags&post=86734"}],"curies":[{"name":"wp","href":"https:\/\/api.w.org\/{rel}","templated":true}]}}