{"id":86739,"date":"2025-11-10T13:30:00","date_gmt":"2025-11-10T19:30:00","guid":{"rendered":"https:\/\/zonaroja.com.mx\/?p=86739"},"modified":"2025-11-10T07:59:02","modified_gmt":"2025-11-10T13:59:02","slug":"bajan-50-decomisos-de-fentanilo-en-primer-ano-de-sheinbaum","status":"publish","type":"post","link":"https:\/\/zonaroja.com.mx\/?p=86739","title":{"rendered":"Bajan 50% decomisos de fentanilo en primer a\u00f1o de Sheinbaum"},"content":{"rendered":"\n<p>Redacci\u00f3n\/Zona Roja Cdmx.<\/p>\n\n\n\n<p>(Informaci\u00f3n de \u201cLa Jornada\u201d)<\/p>\n\n\n\n<p>Ciudad de M\u00e9xico, a 10 de noviembre de 2025.- El primer a\u00f1o de gobierno de la presidenta Claudia Sheinbaum, que se cumpli\u00f3 en octubre, cerr\u00f3 con una reducci\u00f3n significativa en las incautaciones de fentanilo en la frontera entre M\u00e9xico y Estados Unidos.<\/p>\n\n\n\n<p>De acuerdo con estad\u00edsticas publicadas por la Oficina de Aduanas y Protecci\u00f3n Fronteriza (CBP, por sus siglas en ingl\u00e9s), durante el a\u00f1o fiscal 2025 \u2013que abarca de octubre de 2024 a septiembre de 2025\u2013 fueron decomisados 4 mil 182 kilogramos de esta droga, una cifra 50.2 por ciento menor a la registrada el a\u00f1o anterior (8 mil 391) y 62.1 inferior a la de 2023 (11 mil 29).<\/p>\n\n\n\n<p>El organismo estadunidense estim\u00f3 que las incautaciones del a\u00f1o fiscal 2025 equivalen a poco m\u00e1s de mil millones de dosis potenciales, con un valor de mercado aproximado de 90 millones de d\u00f3lares, lo que representa una ca\u00edda proporcional respecto a los dos a\u00f1os previos.<\/p>\n\n\n\n<p>El CBP ha se\u00f1alado que m\u00e1s de 90 por ciento de las incautaciones de fentanilo ocurren en los puntos legales de entrada a Estados Unidos.<\/p>\n\n\n\n<p>Seg\u00fan los registros oficiales, el flujo de fentanilo hacia territorio estadunidense ha disminuido de manera sostenida desde octubre de 2024, cuando inici\u00f3 el gobierno de Sheinbaum. Durante los meses de 2025 no se superaron los 500 kilogramos decomisados por mes \u2013con excepci\u00f3n de octubre de 2024 y julio de 2025\u2013, mientras en los a\u00f1os previos era com\u00fan rebasar ampliamente esa cifra.<\/p>\n\n\n\n<p>La Presidenta ha atribuido la baja a las acciones de seguridad ejecutadas por su gobierno, enfocadas en desmantelar laboratorios clandestinos y cortar las cadenas de suministro de precursores qu\u00edmicos. En tanto, CBP no atribuye la baja a alguna causa espec\u00edfica.<\/p>\n\n\n\n<p>DEPORTACIONES<\/p>\n\n\n\n<p>Este fin de semana fueron deportados 225 mexicanos de Estados Unidos a M\u00e9xico v\u00eda a\u00e9rea por el Aeropuerto Internacional de Tapachula, en Chiapas, informaron autoridades.<\/p>\n\n\n\n<p>El primer vuelo procedente de la Estaci\u00f3n A\u00e9rea del Cuerpo de Marines de Miramar, en San Diego, California, arrib\u00f3 con 132 repatriados el viernes. Ayer, lleg\u00f3 otro avi\u00f3n con 93 connacionales procedente tambi\u00e9n de San Diego, California.<\/p>\n\n\n\n<p>(Con informaci\u00f3n de \u00c9dgar H. Clemente, corresponsal)<\/p>\n","protected":false},"excerpt":{"rendered":"<p>Redacci\u00f3n\/Zona Roja Cdmx. (Informaci\u00f3n de \u201cLa Jornada\u201d) Ciudad de M\u00e9xico, a 10 de noviembre de&hellip;<\/p>\n","protected":false},"author":2,"featured_media":77362,"comment_status":"closed","ping_status":"open","sticky":false,"template":"","format":"standard","meta":{"_lmt_disableupdate":"","_lmt_disable":"","_jetpack_memberships_contains_paid_content":false,"footnotes":""},"categories":[109,47],"tags":[],"class_list":["post-86739","post","type-post","status-publish","format-standard","has-post-thumbnail","hentry","category-minuto-a-minuto","category-zona-gris"],"jetpack_featured_media_url":"https:\/\/zonaroja.com.mx\/wp-content\/uploads\/2025\/02\/Fentanilo-mexicano-Arizona.jpg.avif","jetpack_sharing_enabled":true,"_links":{"self":[{"href":"https:\/\/zonaroja.com.mx\/index.php?rest_route=\/wp\/v2\/posts\/86739","targetHints":{"allow":["GET"]}}],"collection":[{"href":"https:\/\/zonaroja.com.mx\/index.php?rest_route=\/wp\/v2\/posts"}],"about":[{"href":"https:\/\/zonaroja.com.mx\/index.php?rest_route=\/wp\/v2\/types\/post"}],"author":[{"embeddable":true,"href":"https:\/\/zonaroja.com.mx\/index.php?rest_route=\/wp\/v2\/users\/2"}],"replies":[{"embeddable":true,"href":"https:\/\/zonaroja.com.mx\/index.php?rest_route=%2Fwp%2Fv2%2Fcomments&post=86739"}],"version-history":[{"count":1,"href":"https:\/\/zonaroja.com.mx\/index.php?rest_route=\/wp\/v2\/posts\/86739\/revisions"}],"predecessor-version":[{"id":86740,"href":"https:\/\/zonaroja.com.mx\/index.php?rest_route=\/wp\/v2\/posts\/86739\/revisions\/86740"}],"wp:featuredmedia":[{"embeddable":true,"href":"https:\/\/zonaroja.com.mx\/index.php?rest_route=\/wp\/v2\/media\/77362"}],"wp:attachment":[{"href":"https:\/\/zonaroja.com.mx\/index.php?rest_route=%2Fwp%2Fv2%2Fmedia&parent=86739"}],"wp:term":[{"taxonomy":"category","embeddable":true,"href":"https:\/\/zonaroja.com.mx\/index.php?rest_route=%2Fwp%2Fv2%2Fcategories&post=86739"},{"taxonomy":"post_tag","embeddable":true,"href":"https:\/\/zonaroja.com.mx\/index.php?rest_route=%2Fwp%2Fv2%2Ftags&post=86739"}],"curies":[{"name":"wp","href":"https:\/\/api.w.org\/{rel}","templated":true}]}}