{"id":86742,"date":"2025-11-10T16:39:29","date_gmt":"2025-11-10T22:39:29","guid":{"rendered":"https:\/\/zonaroja.com.mx\/?p=86742"},"modified":"2025-11-10T17:28:43","modified_gmt":"2025-11-10T23:28:43","slug":"familiares-de-profesor-fallecido-sacan-al-director-del-issste-de-tehuantepec","status":"publish","type":"post","link":"https:\/\/zonaroja.com.mx\/?p=86742","title":{"rendered":"Familiares de profesor fallecido sacan al director del ISSSTE de Tehuantepec"},"content":{"rendered":"\n<p>Lisbeth Mej\u00eda Reyes\/Zona Roja.<\/p>\n\n\n\n<p>Oaxaca, Oax., a 10 de noviembre de 2025.- Familiares del profesor Jorge Iv\u00e1n Blas Garc\u00eda, fallecido el pasado 22 de octubre en el hospital del ISSSTE de Santo Domingo Tehuantepec, se manifestaron nuevamente este lunes en el nosocomio para exigir justicia.&nbsp;<\/p>\n\n\n\n<p>Con gritos, carteles y una lona de sus demandas, sacaron el director del hospital, Marino Ram\u00edrez Jim\u00e9nez, como se observa en un video de la protesta.<\/p>\n\n\n\n<p>La manifestaci\u00f3n ocurri\u00f3 a una semana de la que efectuaron en el mismo lugar el 3 de noviembre, pero en el exterior, donde exigieron la destituci\u00f3n del director y de la m\u00e9dico internista Naely Alejandra Estrada God\u00ednez, a quienes acusan de presunta negligencia en la muerte del docente.<\/p>\n\n\n\n<p>El director fue corrido de este hospital del estado de Oaxaca ante la mirada del personal de la unidad y del de seguridad privada.<\/p>\n\n\n\n<p>De acuerdo con familiares del docente, este presentaba una afectaci\u00f3n en la columna vertebral que deriv\u00f3 en una par\u00e1lisis de todo el cuerpo, por lo cual requer\u00eda una intervenci\u00f3n quir\u00fargica de emergencia que le fue negada en el hospital.<\/p>\n\n\n\n<p>Los familiares tambi\u00e9n han se\u00f1alado al director de haber sido incompetente, pues ni siquiera pudo apoyarlos con el traslado de urgencia que necesitaba Jorge Iv\u00e1n, quien fue aceptado en el hospital de Puebla, pero el 28 de octubre, seis d\u00edas despu\u00e9s de su muerte.<\/p>\n\n\n\n<p>Tras el deceso, el Instituto de Seguridad y Servicios Sociales de Trabajadores del Estado (ISSSTE) solamente ha emitido un comunicado en el que lament\u00f3 el \u00abfallecimiento del maestro Jorge Iv\u00e1n Blas Garc\u00eda, quien fue atendido en la cl\u00ednica hospital del ISSSTE de Tehuantepec\u00bb y asegur\u00f3 que brind\u00f3 atenci\u00f3n y seguimiento al estado de salud del paciente de acuerdo con los protocolos m\u00e9dicos y administrativos establecidos.<\/p>\n\n\n\n<p>Por el deceso del profesor, la Secci\u00f3n 22 del Sindicato Nacional de Trabajadores de la Educaci\u00f3n (SNTE) tambi\u00e9n demand\u00f3 justicia y castigo a los responsables.<\/p>\n\n\n\n<p>El profesor se desempe\u00f1\u00f3 como docente en la escuela secundaria general \u201cProf. Adolfo C. Gurri\u00f3n\u201d y perteneci\u00f3 al centro de trabajo 10 del sector Juchit\u00e1n.<\/p>\n\n\n\n<p>M\u00c1S PROTESTAS<\/p>\n\n\n\n<p>Adem\u00e1s de la manifestaci\u00f3n en el interior Hospital del ISSSTE en Tehuantepec, en la regi\u00f3n se registraron otras manifestaciones. Una de ellas por parte de campesinos de Puente Madera, del municipio de San Blas Atempa, quienes bloquearon la carretera Tehuantepec-Juchit\u00e1n, a la altura de su comunidad. El motivo: exigir el suministro de agua para el riego de sus campos de manera inmediata, a fin de no afectar sus cultivos.&nbsp;<\/p>\n\n\n\n<p>Los campesinos no est\u00e1n de acuerdo con que comience el 15 de este mes, como presuntamente de hab\u00eda acordado con la Comisi\u00f3n Nacional del Agua (Conagua).<\/p>\n\n\n\n<p>Tiz\u00f3c Morgan de la Cruz, delegado regional de Paz Social Istmo, se\u00f1al\u00f3 ante el medio Cortamortaja, que ser\u00e1 este martes cuando se instale la mesa de di\u00e1logo entre la Conagua y campesinos para resolver su petici\u00f3n y el riego mediante el canal comience tan pronto sea posible.<\/p>\n\n\n\n<p>Otro bloqueo se present\u00f3 en la carretera Trans\u00edstmica 185, por parte de docentes de la Secci\u00f3n 22 y jubilados y pensionados de la misma gremial, a la altura del hospital de Tehuantepec.&nbsp;<\/p>\n\n\n\n<p>La manifestaci\u00f3n, que afect\u00f3 el paso hacia Salina Cruz, fue para exigir atenci\u00f3n m\u00e9dica digna y de calidad en todas las unidades del sistema.<\/p>\n\n\n\n<p>Las y los docentes denunciaron que la falta de garant\u00edas ha afectado a varios e incluso que varias de las muertes recientes de sus comunidades tienen que ver con las deficiencias del ISSSTE.<\/p>\n","protected":false},"excerpt":{"rendered":"<p>Lisbeth Mej\u00eda Reyes\/Zona Roja. Oaxaca, Oax., a 10 de noviembre de 2025.- Familiares del profesor&hellip;<\/p>\n","protected":false},"author":2,"featured_media":86751,"comment_status":"closed","ping_status":"open","sticky":false,"template":"","format":"standard","meta":{"_lmt_disableupdate":"","_lmt_disable":"","_jetpack_memberships_contains_paid_content":false,"footnotes":""},"categories":[109,47],"tags":[1554],"class_list":["post-86742","post","type-post","status-publish","format-standard","has-post-thumbnail","hentry","category-minuto-a-minuto","category-zona-gris","tag-issste-oaxaca"],"jetpack_featured_media_url":"https:\/\/zonaroja.com.mx\/wp-content\/uploads\/2025\/11\/img_0655.jpg","jetpack_sharing_enabled":true,"_links":{"self":[{"href":"https:\/\/zonaroja.com.mx\/index.php?rest_route=\/wp\/v2\/posts\/86742","targetHints":{"allow":["GET"]}}],"collection":[{"href":"https:\/\/zonaroja.com.mx\/index.php?rest_route=\/wp\/v2\/posts"}],"about":[{"href":"https:\/\/zonaroja.com.mx\/index.php?rest_route=\/wp\/v2\/types\/post"}],"author":[{"embeddable":true,"href":"https:\/\/zonaroja.com.mx\/index.php?rest_route=\/wp\/v2\/users\/2"}],"replies":[{"embeddable":true,"href":"https:\/\/zonaroja.com.mx\/index.php?rest_route=%2Fwp%2Fv2%2Fcomments&post=86742"}],"version-history":[{"count":1,"href":"https:\/\/zonaroja.com.mx\/index.php?rest_route=\/wp\/v2\/posts\/86742\/revisions"}],"predecessor-version":[{"id":86744,"href":"https:\/\/zonaroja.com.mx\/index.php?rest_route=\/wp\/v2\/posts\/86742\/revisions\/86744"}],"wp:featuredmedia":[{"embeddable":true,"href":"https:\/\/zonaroja.com.mx\/index.php?rest_route=\/wp\/v2\/media\/86751"}],"wp:attachment":[{"href":"https:\/\/zonaroja.com.mx\/index.php?rest_route=%2Fwp%2Fv2%2Fmedia&parent=86742"}],"wp:term":[{"taxonomy":"category","embeddable":true,"href":"https:\/\/zonaroja.com.mx\/index.php?rest_route=%2Fwp%2Fv2%2Fcategories&post=86742"},{"taxonomy":"post_tag","embeddable":true,"href":"https:\/\/zonaroja.com.mx\/index.php?rest_route=%2Fwp%2Fv2%2Ftags&post=86742"}],"curies":[{"name":"wp","href":"https:\/\/api.w.org\/{rel}","templated":true}]}}