{"id":86745,"date":"2025-11-10T17:10:00","date_gmt":"2025-11-10T23:10:00","guid":{"rendered":"https:\/\/zonaroja.com.mx\/?p=86745"},"modified":"2025-11-11T07:14:52","modified_gmt":"2025-11-11T13:14:52","slug":"inauguran-en-oaxaca-centro-de-videovigilancia-e-inteligencia-c-5i","status":"publish","type":"post","link":"https:\/\/zonaroja.com.mx\/?p=86745","title":{"rendered":"Inauguran en Oaxaca centro de videovigilancia e inteligencia C-5i"},"content":{"rendered":"\n<p>Redacci\u00f3n\/Zona Roja.<\/p>\n\n\n\n<p>Oaxaca, Oax., a 10 de noviembre de 2025.- Con. Una inversi\u00f3n superior a los 77 millones de pesos, este lunes fue inaugurado el Centro de Control, Comando, Comunicaci\u00f3n, Coordinaci\u00f3n e Inteligencia (C-5i), uno de los m\u00e1s grandes de M\u00e9xico.<\/p>\n\n\n\n<p>Esta obra suma a la tecnolog\u00eda como un aliado para seguir reduciendo los \u00edndices delictivos en el estado, que consolida la estrategia integral de seguridad, inform\u00f3 el Gobierno del Estado.<\/p>\n\n\n\n<p>\u201cEl C5i es un compromiso cumplido m\u00e1s de nuestro gobierno y hoy comienza una nueva etapa con la que esperamos seguir mejorando los indicadores y la percepci\u00f3n de la ciudadan\u00eda en materia de seguridad y confianza\u201d, expres\u00f3 Salom\u00f3n Jara Cruz.<\/p>\n\n\n\n<p>Acompa\u00f1ado de autoridades de las secretar\u00edas de la Defensa Nacional (Defensa) y Marina (Semar), municipales e integrantes del gabinete, el mandatario estatal cort\u00f3 el listo que marca el inicio de operaciones de este edificio equipado con tecnolog\u00eda de punta.<\/p>\n\n\n\n<p>Este centro de comando permitir\u00e1 dar una mejor respuesta a la ciudadan\u00eda ante cualquier emergencia; ya que facilita el trabajo coordinado de instituciones de los tres \u00f3rdenes de gobierno, en seguridad, procuraci\u00f3n de justicia, protecci\u00f3n civil, salud, movilidad, entre otras.<\/p>\n\n\n\n<p>TECNOLOG\u00cdA DE PUNTA<\/p>\n\n\n\n<p>El titular de la Secretar\u00eda de Seguridad y Protecci\u00f3n Ciudadana (SSPC), Iv\u00e1n Garc\u00eda \u00c1lvarez, explic\u00f3 que en una primera etapa, el C-5i dispondr\u00e1, al cierre de este 2025, de cerca de dos mil c\u00e1maras de videovigilancia en la capital del estado, adem\u00e1s, estar\u00e1 conectado con 23 Centros de Comando y Control (C2) y Arcos de Seguridad ubicados en diversos municipios.<\/p>\n\n\n\n<p>El personal que labora en este espacio, a\u00f1adi\u00f3, dispone de 100 pantallas para el seguimiento de incidentes en las calles y dos torres nuevas para mejorar la red de comunicaci\u00f3n, tres puntos de monitoreo m\u00f3viles para coberturas espec\u00edficas; estaciones de drones, ampliaci\u00f3n de l\u00edneas de emergencia y polic\u00eda cibern\u00e9tica; y acceso a 30 puntos de monitoreo vehicular del Registro P\u00fablico Vehicular (Repuve) para identificar unidades con reporte de robo.<\/p>\n\n\n\n<p>\u201cLa tecnolog\u00eda ser\u00e1 un aliado m\u00e1s de nuestro gobierno para seguir avanzando en la transformaci\u00f3n de Oaxaca, consolidando el nuevo pacto para la convivencia pac\u00edfica y segura en todos los rincones del estado\u201d, dijo.<\/p>\n\n\n\n<p>La puesta en marcha del C5i cumple con la Estrategia Nacional de Seguridad, que mandata el fortalecimiento de la inteligencia e investigaci\u00f3n; adem\u00e1s, significa un paso hacia el replanteamiento de la estrategia de seguridad estatal para consolidar a Oaxaca entre los cinco estados m\u00e1s seguros del pa\u00eds; coincidieron la titular del Secretariado Ejecutivo del Sistema Estatal de Seguridad P\u00fablica (SESESP), Karina Bar\u00f3n Ortiz y el fiscal general del Estado, Bernardo Rodr\u00edguez Alamilla.<\/p>\n\n\n\n<p>Esta infraestructura impulsada por el Gobernador Salom\u00f3n Jara marca un precedente en Oaxaca, ya que la pasada administraci\u00f3n solo dej\u00f3 640 c\u00e1maras para la videovigilancia, de las cuales solo el 60 por ciento funcionaban.<\/p>\n","protected":false},"excerpt":{"rendered":"<p>Redacci\u00f3n\/Zona Roja. Oaxaca, Oax., a 10 de noviembre de 2025.- Con. Una inversi\u00f3n superior a&hellip;<\/p>\n","protected":false},"author":2,"featured_media":86743,"comment_status":"closed","ping_status":"open","sticky":false,"template":"","format":"standard","meta":{"_lmt_disableupdate":"","_lmt_disable":"","_jetpack_memberships_contains_paid_content":false,"footnotes":""},"categories":[109,46],"tags":[939],"class_list":["post-86745","post","type-post","status-publish","format-standard","has-post-thumbnail","hentry","category-minuto-a-minuto","category-zona-blanca","tag-salomon-jara-cruz"],"jetpack_featured_media_url":"https:\/\/zonaroja.com.mx\/wp-content\/uploads\/2025\/11\/Inauguracion-C5-Oaxaca.jpeg","jetpack_sharing_enabled":true,"_links":{"self":[{"href":"https:\/\/zonaroja.com.mx\/index.php?rest_route=\/wp\/v2\/posts\/86745","targetHints":{"allow":["GET"]}}],"collection":[{"href":"https:\/\/zonaroja.com.mx\/index.php?rest_route=\/wp\/v2\/posts"}],"about":[{"href":"https:\/\/zonaroja.com.mx\/index.php?rest_route=\/wp\/v2\/types\/post"}],"author":[{"embeddable":true,"href":"https:\/\/zonaroja.com.mx\/index.php?rest_route=\/wp\/v2\/users\/2"}],"replies":[{"embeddable":true,"href":"https:\/\/zonaroja.com.mx\/index.php?rest_route=%2Fwp%2Fv2%2Fcomments&post=86745"}],"version-history":[{"count":1,"href":"https:\/\/zonaroja.com.mx\/index.php?rest_route=\/wp\/v2\/posts\/86745\/revisions"}],"predecessor-version":[{"id":86747,"href":"https:\/\/zonaroja.com.mx\/index.php?rest_route=\/wp\/v2\/posts\/86745\/revisions\/86747"}],"wp:featuredmedia":[{"embeddable":true,"href":"https:\/\/zonaroja.com.mx\/index.php?rest_route=\/wp\/v2\/media\/86743"}],"wp:attachment":[{"href":"https:\/\/zonaroja.com.mx\/index.php?rest_route=%2Fwp%2Fv2%2Fmedia&parent=86745"}],"wp:term":[{"taxonomy":"category","embeddable":true,"href":"https:\/\/zonaroja.com.mx\/index.php?rest_route=%2Fwp%2Fv2%2Fcategories&post=86745"},{"taxonomy":"post_tag","embeddable":true,"href":"https:\/\/zonaroja.com.mx\/index.php?rest_route=%2Fwp%2Fv2%2Ftags&post=86745"}],"curies":[{"name":"wp","href":"https:\/\/api.w.org\/{rel}","templated":true}]}}