{"id":86748,"date":"2025-11-10T18:00:00","date_gmt":"2025-11-11T00:00:00","guid":{"rendered":"https:\/\/zonaroja.com.mx\/?p=86748"},"modified":"2025-11-10T16:48:31","modified_gmt":"2025-11-10T22:48:31","slug":"el-xxxii-festival-costeno-de-la-danza-hace-vibrar-puerto-escondido","status":"publish","type":"post","link":"https:\/\/zonaroja.com.mx\/?p=86748","title":{"rendered":"El XXXII Festival Coste\u00f1o de la Danza hace vibrar Puerto Escondido"},"content":{"rendered":"\n<p>Redacci\u00f3n\/Zona Roja.<\/p>\n\n\n\n<p>Oaxaca, Oax., a 10 de noviembre de 2025.- La Costa siempre fuerte, viva y festiva dio una muestra del color que envuelve sus ritmos y tradiciones a trav\u00e9s del XXXII Festival Coste\u00f1o de la Danza en Puerto Escondido, donde las y los asistentes pudieron disfrutar de m\u00fasica, talento y la gran identidad de la regi\u00f3n.<\/p>\n\n\n\n<p>En representaci\u00f3n de la titular de la Secretar\u00eda de Turismo, Saymi Pineda Velasco, asisti\u00f3 la subsecretaria de Operaci\u00f3n Tur\u00edstica, Mariel L\u00f3pez Villatoro, adem\u00e1s de contar con la presencia de autoridades locales, quienes disfrutaron junto al p\u00fablico de las delegaciones participantes.<\/p>\n\n\n\n<p>La Costa tuvo representaci\u00f3n en el escenario con las delegaciones culturales de Puerto Escondido, R\u00edo Grande, Santiago Llano Grande, Santa Catarina Juquila, San Pedro Pochutla, Santiago Pinotepa Nacional, San Pedro Mixtepec, San Juan Cacahuatepec, Villa de Tututepec de Melchor Ocampo, Santos Reyes Nopala, Santiago Jamiltepec, Putla Villa de Guerrero y San Juan Bautista Tuxtepec.<\/p>\n\n\n\n<p>El XXXII Festival Coste\u00f1o de la Danza se vivi\u00f3 los d\u00edas 8 y 9 de noviembre comenzando con una calenda por las calles de Puerto Escondido y culminando con la presentaci\u00f3n del talento coste\u00f1o en la Explanada de la Agencia Municipal.<\/p>\n\n\n\n<p>Las Fiestas de Noviembre contar\u00e1n con m\u00e1s de 30 eventos a lo largo del mes, con muestras art\u00edsticas, gastron\u00f3micas, artesanales, competencias deportivas y m\u00fasica en vivo.<\/p>\n","protected":false},"excerpt":{"rendered":"<p>Redacci\u00f3n\/Zona Roja. Oaxaca, Oax., a 10 de noviembre de 2025.- La Costa siempre fuerte, viva&hellip;<\/p>\n","protected":false},"author":2,"featured_media":86749,"comment_status":"closed","ping_status":"open","sticky":false,"template":"","format":"standard","meta":{"_lmt_disableupdate":"","_lmt_disable":"","_jetpack_memberships_contains_paid_content":false,"footnotes":""},"categories":[109,46],"tags":[1031],"class_list":["post-86748","post","type-post","status-publish","format-standard","has-post-thumbnail","hentry","category-minuto-a-minuto","category-zona-blanca","tag-secretaria-de-turismo-oaxaca"],"jetpack_featured_media_url":"https:\/\/zonaroja.com.mx\/wp-content\/uploads\/2025\/11\/Festival-Costeno-Puerto-Escondido.jpg","jetpack_sharing_enabled":true,"_links":{"self":[{"href":"https:\/\/zonaroja.com.mx\/index.php?rest_route=\/wp\/v2\/posts\/86748","targetHints":{"allow":["GET"]}}],"collection":[{"href":"https:\/\/zonaroja.com.mx\/index.php?rest_route=\/wp\/v2\/posts"}],"about":[{"href":"https:\/\/zonaroja.com.mx\/index.php?rest_route=\/wp\/v2\/types\/post"}],"author":[{"embeddable":true,"href":"https:\/\/zonaroja.com.mx\/index.php?rest_route=\/wp\/v2\/users\/2"}],"replies":[{"embeddable":true,"href":"https:\/\/zonaroja.com.mx\/index.php?rest_route=%2Fwp%2Fv2%2Fcomments&post=86748"}],"version-history":[{"count":1,"href":"https:\/\/zonaroja.com.mx\/index.php?rest_route=\/wp\/v2\/posts\/86748\/revisions"}],"predecessor-version":[{"id":86750,"href":"https:\/\/zonaroja.com.mx\/index.php?rest_route=\/wp\/v2\/posts\/86748\/revisions\/86750"}],"wp:featuredmedia":[{"embeddable":true,"href":"https:\/\/zonaroja.com.mx\/index.php?rest_route=\/wp\/v2\/media\/86749"}],"wp:attachment":[{"href":"https:\/\/zonaroja.com.mx\/index.php?rest_route=%2Fwp%2Fv2%2Fmedia&parent=86748"}],"wp:term":[{"taxonomy":"category","embeddable":true,"href":"https:\/\/zonaroja.com.mx\/index.php?rest_route=%2Fwp%2Fv2%2Fcategories&post=86748"},{"taxonomy":"post_tag","embeddable":true,"href":"https:\/\/zonaroja.com.mx\/index.php?rest_route=%2Fwp%2Fv2%2Ftags&post=86748"}],"curies":[{"name":"wp","href":"https:\/\/api.w.org\/{rel}","templated":true}]}}