{"id":86752,"date":"2025-11-10T20:34:13","date_gmt":"2025-11-11T02:34:13","guid":{"rendered":"https:\/\/zonaroja.com.mx\/?p=86752"},"modified":"2025-11-10T20:34:16","modified_gmt":"2025-11-11T02:34:16","slug":"se-registran-3-mil-personas-como-promoventes-de-la-revocacion-de-mandato","status":"publish","type":"post","link":"https:\/\/zonaroja.com.mx\/?p=86752","title":{"rendered":"Se registran 3 mil personas como promoventes de la Revocaci\u00f3n de Mandato"},"content":{"rendered":"\n<p>Raymundo Morales\/Zona Roja.<\/p>\n\n\n\n<p>Oaxaca, Oax., a 10 de enero de 2023.- Al cierre del lapso, a finales de octubre, el Instituto Estatal Electoral y de Participaci\u00f3n Ciudadana de Oaxaca (IEEPCO), recibi\u00f3 tres mil 188 solicitudes para promover la Revocaci\u00f3n de Mandato, de las cuales 19 fueron v\u00e1lidas y 169 no v\u00e1lidas, al no cumplir con los requisitos establecidos en los lineamientos aprobados por el Consejo General.<\/p>\n\n\n\n<p>As\u00ed lo inform\u00f3 el Instituto, durante una sesi\u00f3n extraordinaria urgente efectuada este lunes, en que aprob\u00f3 diversos acuerdos que contribuyen a fortalecer las distintas etapas del citado proceso.<\/p>\n\n\n\n<p>En primer t\u00e9rmino, se aval\u00f3 la modificaci\u00f3n de la denominaci\u00f3n, as\u00ed como la reforma y adici\u00f3n del contenido del reglamento aprobado mediante el Acuerdo IEEPCO-CG-18\/2023, el cual se denominar\u00e1 ahora Reglamento para la Selecci\u00f3n, Designaci\u00f3n, Ratificaci\u00f3n, Sustituci\u00f3n y Remoci\u00f3n de las Personas Integrantes de los Consejos Distritales y Municipales del Instituto Estatal Electoral y de Participaci\u00f3n Ciudadana de Oaxaca.<\/p>\n\n\n\n<p>Asimismo, se aprob\u00f3 la convocatoria para la designaci\u00f3n de las personas que, en su caso, integrar\u00e1n los Consejos Distritales y participar\u00e1n en la organizaci\u00f3n, desarrollo y vigilancia del proceso de Revocaci\u00f3n de Mandato de la persona titular de la Gubernatura del Estado de Oaxaca, del periodo constitucional 2022\u20132028.<\/p>\n\n\n\n<p>En ese mismo sentido, el Consejo General del IEEPCO acord\u00f3 solicitar al Instituto Nacional Electoral (INE) la aplicaci\u00f3n del art\u00edculo 56 del Reglamento de Radio y Televisi\u00f3n en Materia Electoral, as\u00ed como del considerando 17 del Acuerdo INE\/CG1147\/2025, a fin de gestionar la asignaci\u00f3n de tiempos en radio y televisi\u00f3n.&nbsp;<\/p>\n\n\n\n<p>Este acuerdo tiene como prop\u00f3sito fortalecer la difusi\u00f3n de materiales relacionados con los procesos de nombramiento por sistemas normativos ind\u00edgenas 2025.<\/p>\n\n\n\n<p>AVALAN ELECCIONES<\/p>\n\n\n\n<p>En otro comunicado de prensa, el IEEPCO\u00a0dio a conocer que aprob\u00f3 diversos acuerdos relacionados con 21 municipios del estado que se rigen por Sistemas Normativos Ind\u00edgenas.<\/p>\n\n\n\n<p>Como \u00fanico punto del orden del d\u00eda, el Consejo General declar\u00f3 jur\u00eddicamente v\u00e1lidas las elecciones ordinarias de concejal\u00edas en los ayuntamientos de San Antonio Acutla, San Bartolom\u00e9 Quialana, San Francisco Chind\u00faa, San Lucas Camotl\u00e1n, San Miguel del Puerto, San Miguel Peras, San Pablo Yaganiza, San Pedro Taviche y San Sebasti\u00e1n Abasolo.<\/p>\n\n\n\n<p>Asimismo, se validaron las elecciones ordinarias de concejal\u00edas en los ayuntamientos de San Sebasti\u00e1n Teitipac, Santa Ana Tavela, Santa Catarina Cuixtla, Santa Catarina Ixtepeji, Santa Cruz Nundaco, Santa Mar\u00eda Coyotepec, Santo Domingo Yodohino, San Miguel Tulancingo, San Jer\u00f3nimo Tlacochahuaya y San Miguel Coatl\u00e1n.<\/p>\n\n\n\n<p>Por otro lado, el Consejo General declar\u00f3 parcialmente v\u00e1lidas las elecciones celebradas en Santa Mar\u00eda Totolapilla y San Andr\u00e9s Ya\u00e1.<\/p>\n","protected":false},"excerpt":{"rendered":"<p>Raymundo Morales\/Zona Roja. Oaxaca, Oax., a 10 de enero de 2023.- Al cierre del lapso,&hellip;<\/p>\n","protected":false},"author":2,"featured_media":86753,"comment_status":"closed","ping_status":"open","sticky":false,"template":"","format":"standard","meta":{"_lmt_disableupdate":"","_lmt_disable":"","_jetpack_memberships_contains_paid_content":false,"footnotes":""},"categories":[109,46],"tags":[2932],"class_list":["post-86752","post","type-post","status-publish","format-standard","has-post-thumbnail","hentry","category-minuto-a-minuto","category-zona-blanca","tag-instituto-estatal-electoral-y-de-participacion-ciudadana-de-oaxaca-ieepco"],"jetpack_featured_media_url":"https:\/\/zonaroja.com.mx\/wp-content\/uploads\/2025\/11\/Sesion-extraordinaria-IEEPCO.jpeg","jetpack_sharing_enabled":true,"_links":{"self":[{"href":"https:\/\/zonaroja.com.mx\/index.php?rest_route=\/wp\/v2\/posts\/86752","targetHints":{"allow":["GET"]}}],"collection":[{"href":"https:\/\/zonaroja.com.mx\/index.php?rest_route=\/wp\/v2\/posts"}],"about":[{"href":"https:\/\/zonaroja.com.mx\/index.php?rest_route=\/wp\/v2\/types\/post"}],"author":[{"embeddable":true,"href":"https:\/\/zonaroja.com.mx\/index.php?rest_route=\/wp\/v2\/users\/2"}],"replies":[{"embeddable":true,"href":"https:\/\/zonaroja.com.mx\/index.php?rest_route=%2Fwp%2Fv2%2Fcomments&post=86752"}],"version-history":[{"count":1,"href":"https:\/\/zonaroja.com.mx\/index.php?rest_route=\/wp\/v2\/posts\/86752\/revisions"}],"predecessor-version":[{"id":86754,"href":"https:\/\/zonaroja.com.mx\/index.php?rest_route=\/wp\/v2\/posts\/86752\/revisions\/86754"}],"wp:featuredmedia":[{"embeddable":true,"href":"https:\/\/zonaroja.com.mx\/index.php?rest_route=\/wp\/v2\/media\/86753"}],"wp:attachment":[{"href":"https:\/\/zonaroja.com.mx\/index.php?rest_route=%2Fwp%2Fv2%2Fmedia&parent=86752"}],"wp:term":[{"taxonomy":"category","embeddable":true,"href":"https:\/\/zonaroja.com.mx\/index.php?rest_route=%2Fwp%2Fv2%2Fcategories&post=86752"},{"taxonomy":"post_tag","embeddable":true,"href":"https:\/\/zonaroja.com.mx\/index.php?rest_route=%2Fwp%2Fv2%2Ftags&post=86752"}],"curies":[{"name":"wp","href":"https:\/\/api.w.org\/{rel}","templated":true}]}}