{"id":86755,"date":"2025-11-10T22:04:47","date_gmt":"2025-11-11T04:04:47","guid":{"rendered":"https:\/\/zonaroja.com.mx\/?p=86755"},"modified":"2025-11-10T22:04:50","modified_gmt":"2025-11-11T04:04:50","slug":"centro-c-5i-paso-decisivo-para-fortalecer-la-seguridad-en-la-capital-ray-chagoya","status":"publish","type":"post","link":"https:\/\/zonaroja.com.mx\/?p=86755","title":{"rendered":"Centro C-5i, paso decisivo para fortalecer la seguridad en la capital: Ray Chagoya"},"content":{"rendered":"\n<p>Redacci\u00f3n\/Zona Roja.<\/p>\n\n\n\n<p>Oaxaca, Oax., a 10 de noviembre de 2025.- El presidente municipal de Oaxaca de Ju\u00e1rez, Ray Chagoya, reconoci\u00f3 la inauguraci\u00f3n del Centro de Comando, Control, C\u00f3mputo, Comunicaciones y Contacto Ciudadano (C5) como una acci\u00f3n decisiva del gobernador Salom\u00f3n Jara Cruz para fortalecer la seguridad, la coordinaci\u00f3n interinstitucional y la atenci\u00f3n oportuna a emergencias en toda la entidad.<\/p>\n\n\n\n<p>La puesta en marcha de este centro representa una inversi\u00f3n estatal y federal sin precedentes, que permitir\u00e1 consolidar un sistema moderno de vigilancia e inteligencia para reforzar la prevenci\u00f3n, la protecci\u00f3n ciudadana y la reacci\u00f3n ante situaciones de riesgo, con especial impacto en la zona metropolitana de Oaxaca de Ju\u00e1rez.<\/p>\n\n\n\n<p>El edil capitalino destac\u00f3 que el C5 se integra a la estrategia nacional de seguridad impulsada por la presidenta Claudia Sheinbaum Pardo, enfocada en la inteligencia, la atenci\u00f3n a las causas y la colaboraci\u00f3n entre los tres niveles de gobierno.<\/p>\n\n\n\n<p>Desde el gobierno municipal se refrenda el compromiso de trabajar de manera coordinada para construir una ciudad m\u00e1s ordenada, segura y en paz, sumando esfuerzos con el Gobierno del Estado y la Federaci\u00f3n en beneficio de las familias oaxaque\u00f1as.<\/p>\n\n\n\n<figure class=\"wp-block-embed is-type-rich is-provider-twitter wp-block-embed-twitter\"><div class=\"wp-block-embed__wrapper\">\n<div class=\"twitter-tweet\"><blockquote class=\"twitter-tweet\" data-lang=\"es\"><p lang=\"es\" dir=\"ltr\"><a href=\"https:\/\/twitter.com\/hashtag\/AlMomento?src=hash&amp;ref_src=twsrc%5Etfw\">#AlMomento<\/a> <br>3. En su intervenci\u00f3n, el presidente municipal de Oaxaca de Ju\u00e1rez, <a href=\"https:\/\/twitter.com\/raychagoya?ref_src=twsrc%5Etfw\">@raychagoya<\/a>, agradeci\u00f3 al gobernador <a href=\"https:\/\/twitter.com\/salomonj?ref_src=twsrc%5Etfw\">@salomonj<\/a> la inversi\u00f3n en estas acciones del C-5, que redundar\u00e1n en una mejor coordinaci\u00f3n para frenar los delitos y garantizar la seguridad para la poblaci\u00f3n. <a href=\"https:\/\/t.co\/doLvCFvX4T\">pic.twitter.com\/doLvCFvX4T<\/a><\/p>&mdash; Zona Roja Oaxaca (@ZonaRoja_Oaxaca) <a href=\"https:\/\/twitter.com\/ZonaRoja_Oaxaca\/status\/1987903299698200754?ref_src=twsrc%5Etfw\">10 de noviembre de 2025<\/a><\/blockquote><\/div>\n<\/div><\/figure>\n","protected":false},"excerpt":{"rendered":"<p>Redacci\u00f3n\/Zona Roja. Oaxaca, Oax., a 10 de noviembre de 2025.- El presidente municipal de Oaxaca&hellip;<\/p>\n","protected":false},"author":2,"featured_media":86756,"comment_status":"closed","ping_status":"open","sticky":false,"template":"","format":"standard","meta":{"_lmt_disableupdate":"","_lmt_disable":"","_jetpack_memberships_contains_paid_content":false,"footnotes":""},"categories":[109,46],"tags":[4403],"class_list":["post-86755","post","type-post","status-publish","format-standard","has-post-thumbnail","hentry","category-minuto-a-minuto","category-zona-blanca","tag-ray-chagoya"],"jetpack_featured_media_url":"https:\/\/zonaroja.com.mx\/wp-content\/uploads\/2025\/11\/Ray-Chagoya-C5-inauguracion.jpg","jetpack_sharing_enabled":true,"_links":{"self":[{"href":"https:\/\/zonaroja.com.mx\/index.php?rest_route=\/wp\/v2\/posts\/86755","targetHints":{"allow":["GET"]}}],"collection":[{"href":"https:\/\/zonaroja.com.mx\/index.php?rest_route=\/wp\/v2\/posts"}],"about":[{"href":"https:\/\/zonaroja.com.mx\/index.php?rest_route=\/wp\/v2\/types\/post"}],"author":[{"embeddable":true,"href":"https:\/\/zonaroja.com.mx\/index.php?rest_route=\/wp\/v2\/users\/2"}],"replies":[{"embeddable":true,"href":"https:\/\/zonaroja.com.mx\/index.php?rest_route=%2Fwp%2Fv2%2Fcomments&post=86755"}],"version-history":[{"count":1,"href":"https:\/\/zonaroja.com.mx\/index.php?rest_route=\/wp\/v2\/posts\/86755\/revisions"}],"predecessor-version":[{"id":86757,"href":"https:\/\/zonaroja.com.mx\/index.php?rest_route=\/wp\/v2\/posts\/86755\/revisions\/86757"}],"wp:featuredmedia":[{"embeddable":true,"href":"https:\/\/zonaroja.com.mx\/index.php?rest_route=\/wp\/v2\/media\/86756"}],"wp:attachment":[{"href":"https:\/\/zonaroja.com.mx\/index.php?rest_route=%2Fwp%2Fv2%2Fmedia&parent=86755"}],"wp:term":[{"taxonomy":"category","embeddable":true,"href":"https:\/\/zonaroja.com.mx\/index.php?rest_route=%2Fwp%2Fv2%2Fcategories&post=86755"},{"taxonomy":"post_tag","embeddable":true,"href":"https:\/\/zonaroja.com.mx\/index.php?rest_route=%2Fwp%2Fv2%2Ftags&post=86755"}],"curies":[{"name":"wp","href":"https:\/\/api.w.org\/{rel}","templated":true}]}}