{"id":86761,"date":"2025-11-11T06:53:51","date_gmt":"2025-11-11T12:53:51","guid":{"rendered":"https:\/\/zonaroja.com.mx\/?p=86761"},"modified":"2025-11-11T07:13:22","modified_gmt":"2025-11-11T13:13:22","slug":"juchitan-criminal-asesinan-a-dos-jovenes-mujeres-y-a-un-varon","status":"publish","type":"post","link":"https:\/\/zonaroja.com.mx\/?p=86761","title":{"rendered":"Juchit\u00e1n criminal: asesinan a dos j\u00f3venes mujeres y a un var\u00f3n"},"content":{"rendered":"\n<p>Raymundo Morales\/Zona Roja.<\/p>\n\n\n\n<p>Oaxaca, Oax., a 11 de noviembre de 2025.- La ola criminal en Juchit\u00e1n de Zaragoza creci\u00f3 anoche, con el asesinato por disparos de arma de grueso calibre de dos j\u00f3venes mujeres y un var\u00f3n.<\/p>\n\n\n\n<p>Los hechos sucedieron cerca de las 22:00 horas en la calla Prolongaci\u00f3n de Vicente Guerrero esquina con Perif\u00e9rico del municipio gobernado el morenista Miguel S\u00e1nchez Altamirano.<\/p>\n\n\n\n<p>De acuerdo con los primeros reportes policiacos, las v\u00edctimas fueron identificadas como Carlo Eduardo \u201cN\u201d, de 19 a\u00f1os de edad; Adelina L.P., de 21 a\u00f1os, y Karla V. S., de 25 a\u00f1os; adem\u00e1s, reportan como desaparecida a una menor de edad, hija de una de las v\u00edctimas.<\/p>\n\n\n\n<p>Las corporaciones policiacas llegaron al sitio tras las llamadas de auxilio, pero los familiares de los hoy occiso llegaron primero al lugar, por lo cual se llevaron dos cuerpos sin vida.<\/p>\n\n\n\n<p>Seg\u00fan las primeras indagatorias del personal de investigaci\u00f3n de la Vicefiscal\u00eda Regional del Istmo, dependiente de la Fiscal\u00eda General del Estado, en el sitio se hallaron m\u00faltiples casquillos de arma de grueso calibre, como 9 mil\u00edmetros y AR-15.<\/p>\n\n\n\n<p>Tras los cr\u00edmenes a trav\u00e9s de las redes sociales se report\u00f3 la desaparici\u00f3n de la menor de edad Noelia Daylen S. G., de cuatro a\u00f1os de edad, hija de una de las j\u00f3venes fallecidas, Adelina L. P.<\/p>\n","protected":false},"excerpt":{"rendered":"<p>Raymundo Morales\/Zona Roja. Oaxaca, Oax., a 11 de noviembre de 2025.- La ola criminal en&hellip;<\/p>\n","protected":false},"author":2,"featured_media":86768,"comment_status":"closed","ping_status":"open","sticky":false,"template":"","format":"standard","meta":{"_lmt_disableupdate":"","_lmt_disable":"","_jetpack_memberships_contains_paid_content":false,"footnotes":""},"categories":[109,51],"tags":[297,543],"class_list":["post-86761","post","type-post","status-publish","format-standard","has-post-thumbnail","hentry","category-minuto-a-minuto","category-zona-roja","tag-ejecutado-juchitan","tag-feminicidio-en-juchitan"],"jetpack_featured_media_url":"https:\/\/zonaroja.com.mx\/wp-content\/uploads\/2025\/11\/Tres-ejecutados-dos-mujeres-Juchitan.jpg","jetpack_sharing_enabled":true,"_links":{"self":[{"href":"https:\/\/zonaroja.com.mx\/index.php?rest_route=\/wp\/v2\/posts\/86761","targetHints":{"allow":["GET"]}}],"collection":[{"href":"https:\/\/zonaroja.com.mx\/index.php?rest_route=\/wp\/v2\/posts"}],"about":[{"href":"https:\/\/zonaroja.com.mx\/index.php?rest_route=\/wp\/v2\/types\/post"}],"author":[{"embeddable":true,"href":"https:\/\/zonaroja.com.mx\/index.php?rest_route=\/wp\/v2\/users\/2"}],"replies":[{"embeddable":true,"href":"https:\/\/zonaroja.com.mx\/index.php?rest_route=%2Fwp%2Fv2%2Fcomments&post=86761"}],"version-history":[{"count":1,"href":"https:\/\/zonaroja.com.mx\/index.php?rest_route=\/wp\/v2\/posts\/86761\/revisions"}],"predecessor-version":[{"id":86762,"href":"https:\/\/zonaroja.com.mx\/index.php?rest_route=\/wp\/v2\/posts\/86761\/revisions\/86762"}],"wp:featuredmedia":[{"embeddable":true,"href":"https:\/\/zonaroja.com.mx\/index.php?rest_route=\/wp\/v2\/media\/86768"}],"wp:attachment":[{"href":"https:\/\/zonaroja.com.mx\/index.php?rest_route=%2Fwp%2Fv2%2Fmedia&parent=86761"}],"wp:term":[{"taxonomy":"category","embeddable":true,"href":"https:\/\/zonaroja.com.mx\/index.php?rest_route=%2Fwp%2Fv2%2Fcategories&post=86761"},{"taxonomy":"post_tag","embeddable":true,"href":"https:\/\/zonaroja.com.mx\/index.php?rest_route=%2Fwp%2Fv2%2Ftags&post=86761"}],"curies":[{"name":"wp","href":"https:\/\/api.w.org\/{rel}","templated":true}]}}