{"id":86763,"date":"2025-11-11T08:15:00","date_gmt":"2025-11-11T14:15:00","guid":{"rendered":"https:\/\/zonaroja.com.mx\/?p=86763"},"modified":"2025-11-11T08:57:11","modified_gmt":"2025-11-11T14:57:11","slug":"detienen-en-oaxaca-a-tres-integrantes-de-celula-delictiva-de-prestamos-gota-a-gota","status":"publish","type":"post","link":"https:\/\/zonaroja.com.mx\/?p=86763","title":{"rendered":"Detienen en Oaxaca a tres integrantes de c\u00e9lula delictiva de pr\u00e9stamos \u201cGota a Gota\u201d"},"content":{"rendered":"\n<p>Redacci\u00f3n\/Zona Roja.&nbsp;<\/p>\n\n\n\n<p>Oaxaca, Oax., a 11 de noviembre de 2025.- La Fiscal\u00eda General del Estado de Oaxaca (FGEO) logr\u00f3 la detenci\u00f3n y vinculaci\u00f3n a proceso de tres personas identificadas como J. O. L. J., E. J. C. H. y J. I. R. M., por su probable responsabilidad en los delitos de secuestro expr\u00e9s y extorsi\u00f3n, vinculados a una c\u00e9lula dedicada a los pr\u00e9stamos usureros en la modalidad conocida como \u201cGota a Gota\u201d, ocurridos en la zona metropolitana.<\/p>\n\n\n\n<p>De acuerdo con la denuncia penal, las v\u00edctimas son dos mujeres, madre e hija, que se dedican a la venta de productos en la Central de Abasto.&nbsp;<\/p>\n\n\n\n<p>La investigaci\u00f3n revela que los hechos ocurrieron el 30 de octubre de 2025, en la que una mujer identificada con las iniciales J.M.M. report\u00f3 ser v\u00edctima de extorsi\u00f3n adem\u00e1s que su madre fue privada de la libertad ilegalmente, por lo que exig\u00edan dinero en efectivo para su liberaci\u00f3n.<\/p>\n\n\n\n<p>Al tener conocimiento de esta situaci\u00f3n la Fiscal\u00eda de Oaxaca inici\u00f3 los trabajos de investigaci\u00f3n criminal con personal especializado para dar seguimiento a la denuncia, adem\u00e1s se recibi\u00f3 una denuncia an\u00f3nima que coincid\u00eda con los hechos denunciados por la v\u00edctima, lo que permiti\u00f3 establecer el posible paradero de las personas involucradas y su veh\u00edculo.<\/p>\n\n\n\n<p>Derivado de un operativo de reacci\u00f3n inmediata, personal de la Vicefiscal\u00eda de Valles Centrales junto con personal de la Unidad Policial Especializada en Atenci\u00f3n al Secuestro (UPECS) localizaron el veh\u00edculo en que trasladan a la v\u00edctima secuestrada, el cual interceptaron sobre la carretera federal 190, a la altura de Tlalixtac de Cabrera.<\/p>\n\n\n\n<p>Al detener el veh\u00edculo de los agresores, el personal policial procedi\u00f3 a la detenci\u00f3n en flagrancia de los tres presuntos responsables, logrando adem\u00e1s el rescate con vida de la v\u00edctima.<\/p>\n\n\n\n<p>Los detenidos fueron puestos de inmediato a disposici\u00f3n de la autoridad correspondiente, posteriormente fueron presentados ante el Juez que dict\u00f3 auto de vinculaci\u00f3n a proceso por los delitos de secuestro expr\u00e9s agravado y extorsi\u00f3n, adem\u00e1s de imponer la medida cautelar de prisi\u00f3n preventiva.<\/p>\n\n\n\n<p>CATEO EN LA SIERRA<\/p>\n\n\n\n<p>Por otra parte, la Fiscal\u00eda General, en coordinaci\u00f3n interinstitucional, cumpliment\u00f3 una orden de cateo ejecutada en un establecimiento comercial ubicado en la regi\u00f3n de la Sierra Norte, logrando la detenci\u00f3n de una persona y el aseguramiento de diversas dosis de droga.<\/p>\n\n\n\n<p>Esta acci\u00f3n judicial fue encabezada por la FGEO, a trav\u00e9s de la Vicefiscal\u00eda Regional de la Cuenca y la Agencia Estatal de Investigaciones (AEI), en estrecha coordinaci\u00f3n con la Secretar\u00eda de la Defensa Nacional (Defensa) y la Guardia Nacional (GN) y deriva de investigaciones relacionadas con el delito contra la salud en la modalidad de narcomenudeo.<\/p>\n\n\n\n<p>Como resultado del cateo realizado en el bar denominado \u201cBeer House\u201d, ubicado en la calle Pipila de Mar\u00eda Lombardo de Caso, perteneciente al municipio de San Juan Cotzoc\u00f3n, se logr\u00f3 el aseguramiento de decenas de bolsas con una sustancia cristalina de color blanco, as\u00ed como una pipa de cristal, adem\u00e1s de la detenci\u00f3n de una persona del sexo masculino.<\/p>\n\n\n\n<p>La persona detenida y los objetos asegurados quedaron a disposici\u00f3n de la autoridad ministerial correspondiente para resolver su situaci\u00f3n jur\u00eddica.<\/p>\n\n\n\n<p>VIOLADOR DETENIDO<\/p>\n\n\n\n<p>Por otra parte, la Fiscal\u00eda dio cumplimiento a una orden de aprehensi\u00f3n que permiti\u00f3 la detenci\u00f3n de una persona del sexo masculino identificada como A.A.B., por el delito de equiparado a la violaci\u00f3n cometido en agravio de una adolescente, en hechos ocurridos en la regi\u00f3n de los Valles Centrales.<\/p>\n\n\n\n<p>El mandato judicial deriva de hechos suscitados el 9 de marzo de 2024, en el domicilio de un familiar de la v\u00edctima, ubicado en el municipio de Santa Cruz Amilpas, en agravio de una adolescente (cuya identidad est\u00e1 reservada por ley).<\/p>\n\n\n\n<p>Una vez que la Fiscal\u00eda de Oaxaca tuvo conocimiento del caso, inici\u00f3 las investigaciones correspondientes a trav\u00e9s de la Fiscal\u00eda Especializada en Justicia para Adolescentes, aplicando los protocolos establecidos que dieron como resultado la obtenci\u00f3n de una orden de aprehensi\u00f3n en contra de A.A.B.<\/p>\n\n\n\n<p>De acuerdo con las labores ministeriales, la detenci\u00f3n fue realizada por elementos de la Agencia Estatal de Investigaciones (AEI) en inmediaciones de la avenida Ferrocarril de la Zona Metropolitana de Oaxaca.<\/p>\n\n\n\n<p>Tras la detenci\u00f3n, A.A.B., fue puesto a disposici\u00f3n de la autoridad competente para que se determine su situaci\u00f3n jur\u00eddica.<\/p>\n\n\n\n<p>La Fiscal\u00eda de Oaxaca fortalece las investigaciones mediante equipos multidisciplinarios, con el objetivo de garantizar procesos de procuraci\u00f3n de justicia s\u00f3lidos y brindar certeza a las v\u00edctimas.<\/p>\n","protected":false},"excerpt":{"rendered":"<p>Redacci\u00f3n\/Zona Roja.&nbsp; Oaxaca, Oax., a 11 de noviembre de 2025.- La Fiscal\u00eda General del Estado&hellip;<\/p>\n","protected":false},"author":2,"featured_media":86765,"comment_status":"closed","ping_status":"open","sticky":false,"template":"","format":"standard","meta":{"_lmt_disableupdate":"","_lmt_disable":"","_jetpack_memberships_contains_paid_content":false,"footnotes":""},"categories":[109,46],"tags":[494],"class_list":["post-86763","post","type-post","status-publish","format-standard","has-post-thumbnail","hentry","category-minuto-a-minuto","category-zona-blanca","tag-fiscalia-general-del-estado-de-oaxaca"],"jetpack_featured_media_url":"https:\/\/zonaroja.com.mx\/wp-content\/uploads\/2025\/11\/Detenidos-cobro-gota-a-gota-ciudad-de-Oaxaca.jpg","jetpack_sharing_enabled":true,"_links":{"self":[{"href":"https:\/\/zonaroja.com.mx\/index.php?rest_route=\/wp\/v2\/posts\/86763","targetHints":{"allow":["GET"]}}],"collection":[{"href":"https:\/\/zonaroja.com.mx\/index.php?rest_route=\/wp\/v2\/posts"}],"about":[{"href":"https:\/\/zonaroja.com.mx\/index.php?rest_route=\/wp\/v2\/types\/post"}],"author":[{"embeddable":true,"href":"https:\/\/zonaroja.com.mx\/index.php?rest_route=\/wp\/v2\/users\/2"}],"replies":[{"embeddable":true,"href":"https:\/\/zonaroja.com.mx\/index.php?rest_route=%2Fwp%2Fv2%2Fcomments&post=86763"}],"version-history":[{"count":1,"href":"https:\/\/zonaroja.com.mx\/index.php?rest_route=\/wp\/v2\/posts\/86763\/revisions"}],"predecessor-version":[{"id":86769,"href":"https:\/\/zonaroja.com.mx\/index.php?rest_route=\/wp\/v2\/posts\/86763\/revisions\/86769"}],"wp:featuredmedia":[{"embeddable":true,"href":"https:\/\/zonaroja.com.mx\/index.php?rest_route=\/wp\/v2\/media\/86765"}],"wp:attachment":[{"href":"https:\/\/zonaroja.com.mx\/index.php?rest_route=%2Fwp%2Fv2%2Fmedia&parent=86763"}],"wp:term":[{"taxonomy":"category","embeddable":true,"href":"https:\/\/zonaroja.com.mx\/index.php?rest_route=%2Fwp%2Fv2%2Fcategories&post=86763"},{"taxonomy":"post_tag","embeddable":true,"href":"https:\/\/zonaroja.com.mx\/index.php?rest_route=%2Fwp%2Fv2%2Ftags&post=86763"}],"curies":[{"name":"wp","href":"https:\/\/api.w.org\/{rel}","templated":true}]}}