{"id":86772,"date":"2025-11-11T10:30:00","date_gmt":"2025-11-11T16:30:00","guid":{"rendered":"https:\/\/zonaroja.com.mx\/?p=86772"},"modified":"2025-11-11T07:49:33","modified_gmt":"2025-11-11T13:49:33","slug":"inicia-guerra-por-sucesion-en-la-facultad-de-derecho-de-la-uabjo","status":"publish","type":"post","link":"https:\/\/zonaroja.com.mx\/?p=86772","title":{"rendered":"Inicia guerra por sucesi\u00f3n en la Facultad de Derecho de la UABJO"},"content":{"rendered":"\n<p>Lisbeth Mej\u00eda Reyes\/Zona Roja.<\/p>\n\n\n\n<p>Oaxaca Oax., a 11 de noviembre de 2025.- Docentes, alumnado y personal administrativo de la Facultad de Derecho y Ciencias Sociales de la Universidad Aut\u00f3noma \u201cBenito Ju\u00e1rez\u201d de Oaxaca (UABJO) denunciaron que la directora de la facultad, Roc\u00edo Mart\u00ednez Helmes, busca prorrogar su gesti\u00f3n por seis meses argumentando el proceso de Revocaci\u00f3n de Mandato del Ejecutivo estatal y violando as\u00ed no solo el art\u00edculo 57 de la Ley Org\u00e1nica de la universidad sino la autonom\u00eda de la misma.<\/p>\n\n\n\n<p>Esa pr\u00f3rroga implicar\u00eda que la elecci\u00f3n se efect\u00fae hasta febrero de 2026, cuando inicia el proceso para la elecci\u00f3n del nuevo rector o rectora, por lo que tampoco lo consideran viable.<\/p>\n\n\n\n<p>A trav\u00e9s de un posicionamiento, la comunidad universitaria tambi\u00e9n denunci\u00f3 nuevamente la intromisi\u00f3n del gobierno estatal en la universidad, especialmente en esta facultad, presuntamente a trav\u00e9s de la figura de Carlos Perezcampo Mayoral, subsecretario de Gobierno. El se\u00f1alado es ex director de la facultad y esposo de Roc\u00edo Mart\u00ednez Helmes.<\/p>\n\n\n\n<p>La denuncia de estas irregularidades fue primero en una carta p\u00fablica del docente Pedro Sosa Guti\u00e9rrez y despu\u00e9s en un posicionamiento firmado por este y dem\u00e1s docentes, alumnado, &nbsp;personal administrativo, consejeros y dem\u00e1s, quienes recordaron que el periodo de gesti\u00f3n de Roc\u00edo concluye el pr\u00f3ximo 13 de noviembre.<\/p>\n\n\n\n<p>Ante esto exigen que se lleve a cabo la elecci\u00f3n del nuevo director o directora del periodo 2025-2028, pues como lo se\u00f1ala los consejeros universitarios s\u00ed hay condiciones para tal proceso.<\/p>\n\n\n\n<p>Tambi\u00e9n porque argumentan que en su gesti\u00f3n no se resolvieron los temas estructurales y, en cambio, la crisis de la facultad se profundiz\u00f3. Aunque no lo menciona, entre mayo y junio pasado la facultad estuvo en crisis debido a una protesta de un grupo encabezado por el padre de la directora, el cual exig\u00eda la destituci\u00f3n de Roc\u00edo Mart\u00ednez. En tanto, esta acus\u00f3 violencia de g\u00e9nero en su contra.<\/p>\n\n\n\n<p>En un posicionamiento de fecha 7 de noviembre y dirigido al gobernador Salom\u00f3n Jara Cruz, el grupo de consejeros universitarios, docentes, coordinadores, alumnos y personal administrativo se\u00f1al\u00f3 que la intromisi\u00f3n de Perezcampo, esposo de la directora, solamente est\u00e1 generando inconformidad, adem\u00e1s de que con esto se viola la autonom\u00eda de la universidad.<\/p>\n\n\n\n<p>El posicionamiento lo firman los consejeros universitarios, representantes sindicales, representantes administrativos, el consejo general de representantes, integrantes del Consejo T\u00e9cnico de la Facultad de Derecho y Ciencias Sociales, coordinadores de la Facultad de Derecho, as\u00ed como estudiantes.<\/p>\n","protected":false},"excerpt":{"rendered":"<p>Lisbeth Mej\u00eda Reyes\/Zona Roja. Oaxaca Oax., a 11 de noviembre de 2025.- Docentes, alumnado y&hellip;<\/p>\n","protected":false},"author":2,"featured_media":80493,"comment_status":"closed","ping_status":"open","sticky":false,"template":"","format":"standard","meta":{"_lmt_disableupdate":"","_lmt_disable":"","_jetpack_memberships_contains_paid_content":false,"footnotes":""},"categories":[109,47],"tags":[295],"class_list":["post-86772","post","type-post","status-publish","format-standard","has-post-thumbnail","hentry","category-minuto-a-minuto","category-zona-gris","tag-facultad-de-derecho-y-ciencias-sociales"],"jetpack_featured_media_url":"https:\/\/zonaroja.com.mx\/wp-content\/uploads\/2025\/05\/Facultad-de-Derecho-y-Ciencias-Sociales.jpg","jetpack_sharing_enabled":true,"_links":{"self":[{"href":"https:\/\/zonaroja.com.mx\/index.php?rest_route=\/wp\/v2\/posts\/86772","targetHints":{"allow":["GET"]}}],"collection":[{"href":"https:\/\/zonaroja.com.mx\/index.php?rest_route=\/wp\/v2\/posts"}],"about":[{"href":"https:\/\/zonaroja.com.mx\/index.php?rest_route=\/wp\/v2\/types\/post"}],"author":[{"embeddable":true,"href":"https:\/\/zonaroja.com.mx\/index.php?rest_route=\/wp\/v2\/users\/2"}],"replies":[{"embeddable":true,"href":"https:\/\/zonaroja.com.mx\/index.php?rest_route=%2Fwp%2Fv2%2Fcomments&post=86772"}],"version-history":[{"count":1,"href":"https:\/\/zonaroja.com.mx\/index.php?rest_route=\/wp\/v2\/posts\/86772\/revisions"}],"predecessor-version":[{"id":86773,"href":"https:\/\/zonaroja.com.mx\/index.php?rest_route=\/wp\/v2\/posts\/86772\/revisions\/86773"}],"wp:featuredmedia":[{"embeddable":true,"href":"https:\/\/zonaroja.com.mx\/index.php?rest_route=\/wp\/v2\/media\/80493"}],"wp:attachment":[{"href":"https:\/\/zonaroja.com.mx\/index.php?rest_route=%2Fwp%2Fv2%2Fmedia&parent=86772"}],"wp:term":[{"taxonomy":"category","embeddable":true,"href":"https:\/\/zonaroja.com.mx\/index.php?rest_route=%2Fwp%2Fv2%2Fcategories&post=86772"},{"taxonomy":"post_tag","embeddable":true,"href":"https:\/\/zonaroja.com.mx\/index.php?rest_route=%2Fwp%2Fv2%2Ftags&post=86772"}],"curies":[{"name":"wp","href":"https:\/\/api.w.org\/{rel}","templated":true}]}}