{"id":86774,"date":"2025-11-11T11:15:00","date_gmt":"2025-11-11T17:15:00","guid":{"rendered":"https:\/\/zonaroja.com.mx\/?p=86774"},"modified":"2025-11-11T07:51:47","modified_gmt":"2025-11-11T13:51:47","slug":"y-la-austeridad-aumentaran-25-sueldo-a-gobernadora-de-veracruz","status":"publish","type":"post","link":"https:\/\/zonaroja.com.mx\/?p=86774","title":{"rendered":"\u00bfY la austeridad? Aumentar\u00e1n 25% sueldo a gobernadora de Veracruz"},"content":{"rendered":"\n<p>Redacci\u00f3n\/Zona Roja Cdmx.<\/p>\n\n\n\n<p>(Informaci\u00f3n de Infobae M\u00e9xico)<\/p>\n\n\n\n<p>Ciudad de M\u00e9xico, a 11 de noviembre de 2025.- La gobernadora de Veracruz, Roc\u00edo Nahle Garc\u00eda, afirm\u00f3 que desconoc\u00eda el incremento de casi 25% a su sueldo previsto en el Proyecto de Presupuesto de Egresos 2026, que ella misma present\u00f3 ante el Congreso estatal.<\/p>\n\n\n\n<p>De aprobarse, su salario mensual pasar\u00eda de 67 mil 842 a 84 mil 750 pesos, es decir, un aumento de 16 mil 950 pesos.<\/p>\n\n\n\n<p>Durante una entrevista, la mandataria fue cuestionada sobre el tema y respondi\u00f3 con sorpresa: \u201cYo ni sab\u00eda\u2026 no sab\u00eda que iba a haber aumento salarial\u201d.<\/p>\n\n\n\n<p>Argument\u00f3 que el ajuste no fue una decisi\u00f3n personal, sino parte de un incremento general al personal de confianza del gobierno.<\/p>\n\n\n\n<p>\u201cEn el presupuesto va un aumento a la burocracia, sobre todo al personal de confianza, y creo que de ah\u00ed se tom\u00f3\u201d, se\u00f1al\u00f3 Nahle, al intentar justificar el cambio incluido en el documento oficial.<\/p>\n\n\n\n<p>La gobernadora insisti\u00f3 en que el aumento se relaciona con los efectos de la inflaci\u00f3n y las p\u00e9rdidas econ\u00f3micas registradas en el a\u00f1o.<\/p>\n\n\n\n<p>\u201cLa inflaci\u00f3n anual es mayor, y adem\u00e1s considerando las p\u00e9rdidas que se tuvieron este a\u00f1o\u201d, a\u00f1adi\u00f3.<\/p>\n\n\n\n<p>Sin embargo, el incremento gener\u00f3 cr\u00edticas por ocurrir en un momento en que Veracruz enfrenta serios problemas financieros y sociales, agravados por las inundaciones que afectaron al estado en octubre.<\/p>\n\n\n\n<p>Nahle tendr\u00e1 aumento salarial en medio de crisis por lluvias en Veracruz<\/p>\n\n\n\n<p>El proyecto presupuestal fue elaborado por la Secretar\u00eda de Finanzas y Planeaci\u00f3n (Sefiplan) y contempla ajustes salariales que van del 12% al 25% para los funcionarios estatales, dependiendo del rango del cargo.<\/p>\n\n\n\n<p>De concretarse, el salario anual de Nahle superar\u00eda el mill\u00f3n de pesos, unos 20 mil pesos m\u00e1s de lo que percib\u00eda su antecesor, Cuitl\u00e1huac Garc\u00eda, al final de su administraci\u00f3n.<\/p>\n\n\n\n<p>El documento tambi\u00e9n prev\u00e9 incrementos para los secretarios de despacho y otros miembros del gabinete, bajo el argumento de que se busca compensar la p\u00e9rdida del poder adquisitivo del personal de confianza.<\/p>\n\n\n\n<p>Adem\u00e1s, se proyecta un aumento en los ingresos estatales mediante nuevos grav\u00e1menes, entre ellos un impuesto ambiental por contaminaci\u00f3n del agua, lo que ha generado inconformidad en varios sectores.<\/p>\n\n\n\n<p>Diversos actores pol\u00edticos y sociales cuestionaron la pertinencia de estos aumentos en medio de la emergencia sanitaria que vive Veracruz.<\/p>\n\n\n\n<p>Organizaciones ciudadanas y opositores criticaron que el gobierno impulse incrementos salariales mientras miles de familias damnificadas siguen esperando apoyos tras las inundaciones del 9 y 10 de octubre.<\/p>\n","protected":false},"excerpt":{"rendered":"<p>Redacci\u00f3n\/Zona Roja Cdmx. (Informaci\u00f3n de Infobae M\u00e9xico) Ciudad de M\u00e9xico, a 11 de noviembre de&hellip;<\/p>\n","protected":false},"author":2,"featured_media":86775,"comment_status":"closed","ping_status":"open","sticky":false,"template":"","format":"standard","meta":{"_lmt_disableupdate":"","_lmt_disable":"","_jetpack_memberships_contains_paid_content":false,"footnotes":""},"categories":[109,47],"tags":[4401],"class_list":["post-86774","post","type-post","status-publish","format-standard","has-post-thumbnail","hentry","category-minuto-a-minuto","category-zona-gris","tag-rocio-nahle-garcia"],"jetpack_featured_media_url":"https:\/\/zonaroja.com.mx\/wp-content\/uploads\/2025\/11\/Rocio-Nahle-Veracruz.jpg","jetpack_sharing_enabled":true,"_links":{"self":[{"href":"https:\/\/zonaroja.com.mx\/index.php?rest_route=\/wp\/v2\/posts\/86774","targetHints":{"allow":["GET"]}}],"collection":[{"href":"https:\/\/zonaroja.com.mx\/index.php?rest_route=\/wp\/v2\/posts"}],"about":[{"href":"https:\/\/zonaroja.com.mx\/index.php?rest_route=\/wp\/v2\/types\/post"}],"author":[{"embeddable":true,"href":"https:\/\/zonaroja.com.mx\/index.php?rest_route=\/wp\/v2\/users\/2"}],"replies":[{"embeddable":true,"href":"https:\/\/zonaroja.com.mx\/index.php?rest_route=%2Fwp%2Fv2%2Fcomments&post=86774"}],"version-history":[{"count":1,"href":"https:\/\/zonaroja.com.mx\/index.php?rest_route=\/wp\/v2\/posts\/86774\/revisions"}],"predecessor-version":[{"id":86776,"href":"https:\/\/zonaroja.com.mx\/index.php?rest_route=\/wp\/v2\/posts\/86774\/revisions\/86776"}],"wp:featuredmedia":[{"embeddable":true,"href":"https:\/\/zonaroja.com.mx\/index.php?rest_route=\/wp\/v2\/media\/86775"}],"wp:attachment":[{"href":"https:\/\/zonaroja.com.mx\/index.php?rest_route=%2Fwp%2Fv2%2Fmedia&parent=86774"}],"wp:term":[{"taxonomy":"category","embeddable":true,"href":"https:\/\/zonaroja.com.mx\/index.php?rest_route=%2Fwp%2Fv2%2Fcategories&post=86774"},{"taxonomy":"post_tag","embeddable":true,"href":"https:\/\/zonaroja.com.mx\/index.php?rest_route=%2Fwp%2Fv2%2Ftags&post=86774"}],"curies":[{"name":"wp","href":"https:\/\/api.w.org\/{rel}","templated":true}]}}