{"id":86779,"date":"2025-11-11T13:15:00","date_gmt":"2025-11-11T19:15:00","guid":{"rendered":"https:\/\/zonaroja.com.mx\/?p=86779"},"modified":"2025-11-11T08:00:19","modified_gmt":"2025-11-11T14:00:19","slug":"opinion-una-golondrina-no-hace-verano","status":"publish","type":"post","link":"https:\/\/zonaroja.com.mx\/?p=86779","title":{"rendered":"Opini\u00f3n. Una golondrina no hace verano"},"content":{"rendered":"\n<p>Isidoro Yescas*<\/p>\n\n\n\n<p>La frase expresada por el mismo renunciante no deja lugar a dudas: \u201cHabr\u00e1&nbsp;No\u00e9&nbsp;Jara&nbsp;para rato\u201d.&nbsp;<\/p>\n\n\n\n<p>Y en efecto:&nbsp;su renuncia a la Secretar\u00eda General del municipio de Oaxaca de Ju\u00e1rez&nbsp;es solamente&nbsp;un cambio de posici\u00f3n, un movimiento de ajedrez&nbsp;urdido&nbsp;desde el Palacio Primaveral&nbsp;para&nbsp;reducir los negativos acumulados de cara al proceso de revocaci\u00f3n de mandato.<\/p>\n\n\n\n<p>Una decisi\u00f3n del hermano gobernador que&nbsp;se opera cuatro meses despu\u00e9s que desde el Palacio Nacional le recomendaron&nbsp;retirarle los reflectores&nbsp;al principal referente del nepotismo que priva en toda la estructura del aparato gubernamental y que se extendi\u00f3 hasta el municipio de Oaxaca de Ju\u00e1rez con un hermano c\u00f3modo para los grandes negocios de familia,&nbsp;pero demasiado inc\u00f3modo pol\u00edtica y socialmente&nbsp;por sus nexos con grupos mafiosos y sus frecuentes desencuentros con el presidente municipal, Raymundo Chagoya.&nbsp;<\/p>\n\n\n\n<p>No\u00e9 Jara se va de la Secretar\u00eda General y poco importar\u00e1&nbsp;quien&nbsp;lo releve&nbsp;pues el control pol\u00edtico&nbsp;del municipio no lo tiene el presidente municipal sino No\u00e9 Jara:&nbsp;buena parte de los agentes municipales y de polic\u00eda y del Cabildo forman parte de su estructura&nbsp;de poder personal&nbsp;y lo mucho o poco que Chagoya pretenda hacer desde la&nbsp;Jefatura de la Oficina de la Presidencia&nbsp;para recomponer el aparato administrativo y pol\u00edtico municipal &nbsp;se estrellar\u00e1 con el vac\u00edo &nbsp;o resistencia que encuentre en &nbsp;los regidores de Morena, PVEM y MC, en su mayor\u00eda alineados &nbsp;con el&nbsp;exsecretario General, con el riesgo que ahora se agudicen los problemas pol\u00edticos internos del municipio.<\/p>\n\n\n\n<p>Y a todo lo anterior importa destacar otro&nbsp;factor&nbsp;disruptivo&nbsp;que ha flotado en&nbsp;la vecindad municipal: uno, que tanto Raymundo Chagoya como su&nbsp;Jefe de Oficina de la Presidencia,Mart\u00edn Gamboa&nbsp;Guzm\u00e1n,&nbsp;pertenecen a la camarilla&nbsp;muratista, tanto&nbsp;por&nbsp;la militancia&nbsp;pri\u00edsta&nbsp;de sus familias&nbsp;como por&nbsp;sus trayectorias pol\u00edticas&nbsp;personales&nbsp;pues, en su momento,&nbsp;ambos&nbsp;se identificaron con el pri\u00edsmo&nbsp;muratista; hoy,&nbsp;estas dos palabras&nbsp;bien podr\u00edan&nbsp;cambiarse &nbsp;por&nbsp;morenismo&nbsp;muratista.&nbsp;<\/p>\n\n\n\n<p>\u00bfHasta d\u00f3nde&nbsp;esta&nbsp;identidad de Chagoya y&nbsp;Gamboa &nbsp;con&nbsp;un grupo de poder antag\u00f3nico al&nbsp;jarismo&nbsp;se podr\u00eda expresar con mayor crudeza ahora que los primeros intenten&nbsp;romper con los controles administrativos y pol\u00edticos sembrados por&nbsp;un personaje pragm\u00e1tico,&nbsp;con vocaci\u00f3n de peleador callejero,&nbsp;y con&nbsp;todo el poder &nbsp;e impunidad&nbsp;delegado desde el Palacio Primaveral?<\/p>\n\n\n\n<p>Habr\u00e1 que estar atentos a lo que&nbsp;a lo que en&nbsp;el corto o mediano&nbsp;plazo&nbsp;vaya&nbsp;a ocurrir&nbsp;en la &nbsp;Madriguera Vecinal,&nbsp;sin perder de vista que&nbsp;la renuncia del hermano inc\u00f3modo no constituye ning\u00fan mensaje de cambio de rumbo de la&nbsp;kakistocr\u00e1tica&nbsp;Primavera Oaxaque\u00f1a.&nbsp;<\/p>\n\n\n\n<p>Es simple y llanamente un distractor,&nbsp;una &nbsp;operaci\u00f3n&nbsp;gatopardiana&nbsp;que para nada significa el principio del fin del nepotismo ni de los Jara, ni de los L\u00f3pez, ni de&nbsp;los&nbsp;Silva, etc.&nbsp;<\/p>\n\n\n\n<p>En todo caso,&nbsp;como&nbsp;ya el mismo&nbsp;No\u00e9 Jara lo anunci\u00f3 en el texto de su renuncia: desempolvar\u00e1 su nombramiento&nbsp;de ministro sin cartera para no dejar pasar los grandes negocios de la construcci\u00f3n&nbsp;que ya est\u00e1n en proceso en el municipio, as\u00ed como para&nbsp;fortalecer&nbsp;su estructura electoral&nbsp;en agencias y colonias&nbsp;y, por supuesto, convertirse en el m\u00e1s entusiasta promovente para trabajar por la continuidad de la Primavera Oaxaque\u00f1a.&nbsp;<\/p>\n\n\n\n<p>*Maestro en Sociolog\u00eda,<\/p>\n\n\n\n<p>X:@YescasIsidoro &nbsp; &nbsp;<\/p>\n\n\n\n<p>Faceboock: IsidoroYescas<\/p>\n","protected":false},"excerpt":{"rendered":"<p>Isidoro Yescas* La frase expresada por el mismo renunciante no deja lugar a dudas: \u201cHabr\u00e1&nbsp;No\u00e9&nbsp;Jara&nbsp;para&hellip;<\/p>\n","protected":false},"author":2,"featured_media":71623,"comment_status":"closed","ping_status":"open","sticky":false,"template":"","format":"standard","meta":{"_lmt_disableupdate":"","_lmt_disable":"","_jetpack_memberships_contains_paid_content":false,"footnotes":""},"categories":[456,109],"tags":[3998],"class_list":["post-86779","post","type-post","status-publish","format-standard","has-post-thumbnail","hentry","category-columna","category-minuto-a-minuto","tag-isidoro-yescas-martinez"],"jetpack_featured_media_url":"https:\/\/zonaroja.com.mx\/wp-content\/uploads\/2024\/08\/Opinion.-Isidoro-Yescas.jpg","jetpack_sharing_enabled":true,"_links":{"self":[{"href":"https:\/\/zonaroja.com.mx\/index.php?rest_route=\/wp\/v2\/posts\/86779","targetHints":{"allow":["GET"]}}],"collection":[{"href":"https:\/\/zonaroja.com.mx\/index.php?rest_route=\/wp\/v2\/posts"}],"about":[{"href":"https:\/\/zonaroja.com.mx\/index.php?rest_route=\/wp\/v2\/types\/post"}],"author":[{"embeddable":true,"href":"https:\/\/zonaroja.com.mx\/index.php?rest_route=\/wp\/v2\/users\/2"}],"replies":[{"embeddable":true,"href":"https:\/\/zonaroja.com.mx\/index.php?rest_route=%2Fwp%2Fv2%2Fcomments&post=86779"}],"version-history":[{"count":1,"href":"https:\/\/zonaroja.com.mx\/index.php?rest_route=\/wp\/v2\/posts\/86779\/revisions"}],"predecessor-version":[{"id":86780,"href":"https:\/\/zonaroja.com.mx\/index.php?rest_route=\/wp\/v2\/posts\/86779\/revisions\/86780"}],"wp:featuredmedia":[{"embeddable":true,"href":"https:\/\/zonaroja.com.mx\/index.php?rest_route=\/wp\/v2\/media\/71623"}],"wp:attachment":[{"href":"https:\/\/zonaroja.com.mx\/index.php?rest_route=%2Fwp%2Fv2%2Fmedia&parent=86779"}],"wp:term":[{"taxonomy":"category","embeddable":true,"href":"https:\/\/zonaroja.com.mx\/index.php?rest_route=%2Fwp%2Fv2%2Fcategories&post=86779"},{"taxonomy":"post_tag","embeddable":true,"href":"https:\/\/zonaroja.com.mx\/index.php?rest_route=%2Fwp%2Fv2%2Ftags&post=86779"}],"curies":[{"name":"wp","href":"https:\/\/api.w.org\/{rel}","templated":true}]}}