{"id":86781,"date":"2025-11-11T17:07:55","date_gmt":"2025-11-11T23:07:55","guid":{"rendered":"https:\/\/zonaroja.com.mx\/?p=86781"},"modified":"2025-11-11T17:08:10","modified_gmt":"2025-11-11T23:08:10","slug":"hallan-sin-vida-a-menor-en-juchitan-suman-cuatro-victimas-de-violencia","status":"publish","type":"post","link":"https:\/\/zonaroja.com.mx\/?p=86781","title":{"rendered":"Hallan sin vida a menor en Juchit\u00e1n; suman cuatro v\u00edctimas de violencia"},"content":{"rendered":"\n<p>Raymundo Morales\/Zona Roja.&nbsp;<\/p>\n\n\n\n<p>Oaxaca, Oax., a 11 de noviembre de 2025.- Una menor de cuatro a\u00f1os de edad desaparecida ayer en Juchit\u00e1n de Zaragoza, fue localizada sin vida este martes; con ella, suman cuatro v\u00edctimas de un ataque armado perpetrado anoche, por cuyo caso hay tres personas detenidas.<\/p>\n\n\n\n<p>El ayuntamiento, que preside el edil por Morena, Miguel S\u00e1nchez Altamirano, se limit\u00f3 a lamentar la desaparici\u00f3n de la peque\u00f1a pero ha evadido su responsabilidad de garantizar la seguridad de la poblaci\u00f3n.<\/p>\n\n\n\n<p>La Fiscal\u00eda General del Estado de Oaxaca confirm\u00f3 la localizaci\u00f3n de la peque\u00f1a Noelia Daylen S. G., de cuatro a\u00f1os, en un domicilio ubicado en la colonia La Planta.<\/p>\n\n\n\n<p>Ah\u00ed detuvo a tres personas identificadas por las iniciales R.E.B.N., originaria del Estado de M\u00e9xico, as\u00ed como&nbsp;M.G.S.P. y R.I.P.G., originarias del estado de Chiapas, vinculadas con la desaparici\u00f3n y fallecimiento de la menor, desaparecida ayer.<\/p>\n\n\n\n<p>\u201cEstoy profundamente consternado por el atroz asesinato de N.D.S.G., de tan solo 4 a\u00f1os de edad. Este es un crimen que entristece nuestros corazones y ha conmovido a toda la comunidad de Juchit\u00e1n y a la sociedad oaxaque\u00f1a en su conjunto\u201d, dio a conocer el gobernador Salom\u00f3n Jara Cruz.<\/p>\n\n\n\n<p>A trav\u00e9s de sus redes sociales, inform\u00f3 que dio instrucciones a las instancias de seguridad a colaborar estrechamente con la Fiscal\u00eda General del Estado. \u201cReconozco el operativo conjunto y las tareas de inteligencia que permitieron localizar y detener a tres presuntos responsables de este miserable acto. Ella era una v\u00edctima inocente; su p\u00e9rdida nos duele profundamente y refuerza nuestro compromiso de que este crimen no quede impune. Reitero mi determinaci\u00f3n de proteger la vida, la seguridad y la dignidad de todas las ni\u00f1as y ni\u00f1os de Oaxaca\u201d, destac\u00f3.<\/p>\n\n\n\n<p>SUMAN 4 V\u00cdCTIMAS<\/p>\n\n\n\n<p>En su comunicado, la Fiscal\u00eda a\u00f1adi\u00f3 que el despliegue operativo de b\u00fasqueda de la menor fue encabezado por la instituci\u00f3n a trav\u00e9s de la Vicefiscal\u00eda Regional del Istmo, con la participaci\u00f3n coordinada de Secretar\u00eda de la Marina (Semar), Secretar\u00eda de la Defensa Nacional (Defensa), Guardia Nacional, Polic\u00eda Estatal, Agencia Estatal de Investigaciones (AEI) y Polic\u00eda Municipal, articulando acciones que permitieron la ubicaci\u00f3n y aseguramiento de las tres personas detenidas.<\/p>\n\n\n\n<p>De acuerdo con las primeras indagatorias indican que las tres personas detenidas participaron en la desaparici\u00f3n de la ni\u00f1a y se investiga el nivel de involucramiento en los hechos en los que perdieron la vida tres v\u00edctimas, entre ellas la madre de la menor, registrados la tarde del 10 de noviembre en la avenida Vicente Guerrero, a la altura de la agencia de Guiguyita, en Juchit\u00e1n.<\/p>\n\n\n\n<p>Durante el despliegue operativo se realizaron intervenciones en domicilios y comercios, as\u00ed como labores de an\u00e1lisis e inteligencia en entornos frecuentados por la madre de la v\u00edctima.<\/p>\n\n\n\n<p>La ni\u00f1a fue localizada sin vida al interior de un domicilio particular en la colonia La Planta de Juchit\u00e1n de Zaragoza, intervenci\u00f3n inmediata que permiti\u00f3 la detenci\u00f3n de tres personas en el lugar.&nbsp;<\/p>\n\n\n\n<p>Tras la denuncia inicial, la Fiscal\u00eda recab\u00f3 entrevistas con integrantes de la familia, quienes informaron que la ma\u00f1ana del 10 de noviembre Noel\u00eda Daylet sali\u00f3 de su domicilio en compa\u00f1\u00eda de su madre, A.G.L., perdi\u00e9ndose comunicaci\u00f3n con ambas horas despu\u00e9s.<\/p>\n\n\n\n<p>Derivado de estos actos de investigaci\u00f3n, se obtuvieron datos de prueba que permitieron la detenci\u00f3n de las tres personas, adem\u00e1s de establecer hip\u00f3tesis preliminares que apuntan a que el crimen podr\u00eda estar vinculado con una c\u00e9lula delictiva con presencia en la regi\u00f3n del Istmo.<\/p>\n\n\n\n<p>Las personas detenidas quedaron a disposici\u00f3n de la autoridad ministerial, que definir\u00e1 su situaci\u00f3n jur\u00eddica, mientras la FGEO contin\u00faa una investigaci\u00f3n integral, multidisciplinaria y con perspectiva de g\u00e9nero e infancia, a fin de esclarecer los hechos y avanzar en el proceso de procuraci\u00f3n de justicia.<\/p>\n\n\n\n<p>\u201cLa Fiscal\u00eda mantiene un despliegue operativo, t\u00e9cnico y cient\u00edfico para esclarecer el hecho, adem\u00e1s reafirma su compromiso de actuar con m\u00e1xima diligencia, empleando todos los recursos institucionales para garantizar resultados que atiendan a las v\u00edctimas directas e indirectas\u201d.<\/p>\n\n\n\n<p>Las v\u00edctimas de anoche, asesinadas a balazos, fueron identificadas  Carlo Eduardo \u201cN\u201d, de 19 a\u00f1os de edad; Adelina L.P., de 21 a\u00f1os, y Karla V. S., de 25 a\u00f1os.<\/p>\n","protected":false},"excerpt":{"rendered":"<p>Raymundo Morales\/Zona Roja.&nbsp; Oaxaca, Oax., a 11 de noviembre de 2025.- Una menor de cuatro&hellip;<\/p>\n","protected":false},"author":2,"featured_media":86782,"comment_status":"closed","ping_status":"open","sticky":false,"template":"","format":"standard","meta":{"_lmt_disableupdate":"","_lmt_disable":"","_jetpack_memberships_contains_paid_content":false,"footnotes":""},"categories":[109,51],"tags":[494],"class_list":["post-86781","post","type-post","status-publish","format-standard","has-post-thumbnail","hentry","category-minuto-a-minuto","category-zona-roja","tag-fiscalia-general-del-estado-de-oaxaca"],"jetpack_featured_media_url":"https:\/\/zonaroja.com.mx\/wp-content\/uploads\/2025\/11\/Detenidas-por-desaparicion-y-muerte-de-menor-Juchitan.jpg","jetpack_sharing_enabled":true,"_links":{"self":[{"href":"https:\/\/zonaroja.com.mx\/index.php?rest_route=\/wp\/v2\/posts\/86781","targetHints":{"allow":["GET"]}}],"collection":[{"href":"https:\/\/zonaroja.com.mx\/index.php?rest_route=\/wp\/v2\/posts"}],"about":[{"href":"https:\/\/zonaroja.com.mx\/index.php?rest_route=\/wp\/v2\/types\/post"}],"author":[{"embeddable":true,"href":"https:\/\/zonaroja.com.mx\/index.php?rest_route=\/wp\/v2\/users\/2"}],"replies":[{"embeddable":true,"href":"https:\/\/zonaroja.com.mx\/index.php?rest_route=%2Fwp%2Fv2%2Fcomments&post=86781"}],"version-history":[{"count":1,"href":"https:\/\/zonaroja.com.mx\/index.php?rest_route=\/wp\/v2\/posts\/86781\/revisions"}],"predecessor-version":[{"id":86783,"href":"https:\/\/zonaroja.com.mx\/index.php?rest_route=\/wp\/v2\/posts\/86781\/revisions\/86783"}],"wp:featuredmedia":[{"embeddable":true,"href":"https:\/\/zonaroja.com.mx\/index.php?rest_route=\/wp\/v2\/media\/86782"}],"wp:attachment":[{"href":"https:\/\/zonaroja.com.mx\/index.php?rest_route=%2Fwp%2Fv2%2Fmedia&parent=86781"}],"wp:term":[{"taxonomy":"category","embeddable":true,"href":"https:\/\/zonaroja.com.mx\/index.php?rest_route=%2Fwp%2Fv2%2Fcategories&post=86781"},{"taxonomy":"post_tag","embeddable":true,"href":"https:\/\/zonaroja.com.mx\/index.php?rest_route=%2Fwp%2Fv2%2Ftags&post=86781"}],"curies":[{"name":"wp","href":"https:\/\/api.w.org\/{rel}","templated":true}]}}