{"id":86784,"date":"2025-11-11T17:48:08","date_gmt":"2025-11-11T23:48:08","guid":{"rendered":"https:\/\/zonaroja.com.mx\/?p=86784"},"modified":"2025-11-11T17:48:11","modified_gmt":"2025-11-11T23:48:11","slug":"mas-de-mil-millones-de-armas-alimentan-la-violencia-en-el-mundo-onu","status":"publish","type":"post","link":"https:\/\/zonaroja.com.mx\/?p=86784","title":{"rendered":"M\u00e1s de mil millones de armas alimentan la violencia en el mundo: ONU"},"content":{"rendered":"\n<p>Redacci\u00f3n\/Zona Roja Cdmx.<\/p>\n\n\n\n<p>(Informaci\u00f3n de \u201cLa Jornada\u201d)<\/p>\n\n\n\n<p>Ciudad de M\u00e9xico, a 11 de noviembre de 2025.- La proliferaci\u00f3n de armas peque\u00f1as y ligeras contin\u00faa alimentando los conflictos armados, el crimen organizado y el terrorismo en todo el mundo, advirti\u00f3 este lunes Adedeji Ebo, alto representante adjunto de la ONU para Asuntos de Desarme, durante un debate del Consejo de Seguridad sobre los avances y desaf\u00edos del control de armamento.<\/p>\n\n\n\n<p>Ebo alert\u00f3 que \u201cen el mundo circulan m\u00e1s de mil millones de armas de fuego\u201d, una expansi\u00f3n que consider\u00f3 \u201ctanto un s\u00edntoma como un factor determinante de las m\u00faltiples crisis de seguridad\u201d que enfrenta la comunidad internacional. Subray\u00f3 que su amplia disponibilidad \u201cresalta la urgencia de atender las consecuencias de las armas peque\u00f1as y ligeras il\u00edcitas, cuyo alcance es considerable\u201d.<\/p>\n\n\n\n<p>Entre los avances, el funcionario destac\u00f3 la adopci\u00f3n del Marco Global para la Gesti\u00f3n del Ciclo de Vida de las Municiones Convencionales \u2014aprobado en 2023\u2014, as\u00ed como los compromisos alcanzados en la Cuarta Conferencia de Revisi\u00f3n del Programa de Acci\u00f3n sobre Armas Peque\u00f1as y Ligeras, celebrada en 2024. En esta \u00faltima, los Estados acordaron reforzar la cooperaci\u00f3n para frenar la fabricaci\u00f3n y el tr\u00e1fico il\u00edcito de armas, adem\u00e1s de crear un grupo de expertos para examinar el impacto de las nuevas tecnolog\u00edas en la producci\u00f3n armament\u00edstica.<\/p>\n\n\n\n<p>Ebo tambi\u00e9n mencion\u00f3 los esfuerzos regionales, como las hojas de ruta de control de armas en Am\u00e9rica Central, el Caribe, los Balcanes Occidentales y \u00c1frica, y la continuidad de la iniciativa \u201cSilenciar las armas\u201d impulsada por la Uni\u00f3n Africana. \u201cEstas herramientas son pasos importantes hacia un marco global m\u00e1s coherente y efectivo\u201d, afirm\u00f3.<\/p>\n\n\n\n<p>El informe presentado al consejo subraya el impacto humano y econ\u00f3mico del comercio il\u00edcito de armas. Seg\u00fan datos de la Oficina de Derechos Humanos de la ONU, 48 mil civiles murieron en 2024 por causas relacionadas con conflictos armados, un incremento del 40 por ciento respecto al a\u00f1o anterior. En algunos escenarios, hasta el 30 por ciento de esas muertes fueron causadas por armas peque\u00f1as.<\/p>\n\n\n\n<p>Entre 2022 y 2024, el 88 por ciento de los casos de violencia sexual en conflictos documentados involucraron el uso de armas de fuego. La violencia armada, advirti\u00f3 Ebo, \u201cinterrumpe la educaci\u00f3n, destruye sistemas de salud y frena el desarrollo sostenible\u201d, con graves consecuencias para la estabilidad social y econ\u00f3mica.<\/p>\n\n\n\n<p>Ebo llam\u00f3 al Consejo de Seguridad a integrar de manera sistem\u00e1tica la dimensi\u00f3n de las armas ligeras en los mandatos de operaciones de paz y procesos de desarme, desmovilizaci\u00f3n y reintegraci\u00f3n, e insisti\u00f3 en un enfoque con perspectiva de g\u00e9nero y juventud. \u201cLa prevenci\u00f3n debe ser inclusiva. Necesitamos pol\u00edticas que desaf\u00eden los estereotipos de masculinidad violenta e incorporen las voces de mujeres y j\u00f3venes en las estrategias de paz\u201d, afirm\u00f3.<\/p>\n\n\n\n<p>Finalmente, advirti\u00f3 que \u201clas armas que se fabrican hoy pueden alimentar los conflictos de ma\u00f1ana\u201d, y subray\u00f3: \u201cPrevenir su desv\u00edo y fabricaci\u00f3n il\u00edcita es una responsabilidad colectiva. Si fallamos, el costo ser\u00e1 una inseguridad cada vez m\u00e1s profunda\u201d.<\/p>\n","protected":false},"excerpt":{"rendered":"<p>Redacci\u00f3n\/Zona Roja Cdmx. (Informaci\u00f3n de \u201cLa Jornada\u201d) Ciudad de M\u00e9xico, a 11 de noviembre de&hellip;<\/p>\n","protected":false},"author":2,"featured_media":83989,"comment_status":"closed","ping_status":"open","sticky":false,"template":"","format":"standard","meta":{"_lmt_disableupdate":"","_lmt_disable":"","_jetpack_memberships_contains_paid_content":false,"footnotes":""},"categories":[109,47],"tags":[],"class_list":["post-86784","post","type-post","status-publish","format-standard","has-post-thumbnail","hentry","category-minuto-a-minuto","category-zona-gris"],"jetpack_featured_media_url":"https:\/\/zonaroja.com.mx\/wp-content\/uploads\/2025\/08\/Aseguramiento-destruccion-de-armas.jpeg","jetpack_sharing_enabled":true,"_links":{"self":[{"href":"https:\/\/zonaroja.com.mx\/index.php?rest_route=\/wp\/v2\/posts\/86784","targetHints":{"allow":["GET"]}}],"collection":[{"href":"https:\/\/zonaroja.com.mx\/index.php?rest_route=\/wp\/v2\/posts"}],"about":[{"href":"https:\/\/zonaroja.com.mx\/index.php?rest_route=\/wp\/v2\/types\/post"}],"author":[{"embeddable":true,"href":"https:\/\/zonaroja.com.mx\/index.php?rest_route=\/wp\/v2\/users\/2"}],"replies":[{"embeddable":true,"href":"https:\/\/zonaroja.com.mx\/index.php?rest_route=%2Fwp%2Fv2%2Fcomments&post=86784"}],"version-history":[{"count":1,"href":"https:\/\/zonaroja.com.mx\/index.php?rest_route=\/wp\/v2\/posts\/86784\/revisions"}],"predecessor-version":[{"id":86785,"href":"https:\/\/zonaroja.com.mx\/index.php?rest_route=\/wp\/v2\/posts\/86784\/revisions\/86785"}],"wp:featuredmedia":[{"embeddable":true,"href":"https:\/\/zonaroja.com.mx\/index.php?rest_route=\/wp\/v2\/media\/83989"}],"wp:attachment":[{"href":"https:\/\/zonaroja.com.mx\/index.php?rest_route=%2Fwp%2Fv2%2Fmedia&parent=86784"}],"wp:term":[{"taxonomy":"category","embeddable":true,"href":"https:\/\/zonaroja.com.mx\/index.php?rest_route=%2Fwp%2Fv2%2Fcategories&post=86784"},{"taxonomy":"post_tag","embeddable":true,"href":"https:\/\/zonaroja.com.mx\/index.php?rest_route=%2Fwp%2Fv2%2Ftags&post=86784"}],"curies":[{"name":"wp","href":"https:\/\/api.w.org\/{rel}","templated":true}]}}