{"id":86786,"date":"2025-11-11T17:57:04","date_gmt":"2025-11-11T23:57:04","guid":{"rendered":"https:\/\/zonaroja.com.mx\/?p=86786"},"modified":"2025-11-11T17:57:07","modified_gmt":"2025-11-11T23:57:07","slug":"inaugura-dif-oaxaca-la-primera-casa-de-dia-para-personas-mayores","status":"publish","type":"post","link":"https:\/\/zonaroja.com.mx\/?p=86786","title":{"rendered":"Inaugura DIF Oaxaca la primera Casa de D\u00eda para personas mayores"},"content":{"rendered":"\n<p>Redacci\u00f3n\/Zona Roja.<\/p>\n\n\n\n<p>Oaxaca, Oax., a 11 de noviembre de 2025.- En atenci\u00f3n a la necesidad de crear espacios dignos, seguros y orientados al bienestar integral de las personas mayores, el Sistema para el Desarrollo Integral de la Familia (DIF) Oaxaca inaugur\u00f3 la primera Casa de D\u00eda del estado.<\/p>\n\n\n\n<p>Este nuevo espacio, ubicado en la colonia Reforma, en Oaxaca de Ju\u00e1rez, tiene como objetivo fortalecer la autonom\u00eda de este sector de la poblaci\u00f3n mediante actividades culturales, recreativas y formativas como: manualidades, clases de baile, talleres de alfabetizaci\u00f3n y asesor\u00eda jur\u00eddica.<\/p>\n\n\n\n<p>Durante la ceremonia inaugural, la presidenta honoraria del DIF Oaxaca, Irma Bola\u00f1os Quijano, destac\u00f3 la relevancia de este proyecto como parte de la convicci\u00f3n de la Primavera Oaxaque\u00f1a de garantizar una vejez digna.<\/p>\n\n\n\n<p>\u201cEste centro es un compromiso para asegurar que nuestras personas mayores vivan acompa\u00f1adas, escuchadas y con actividades que nutran su identidad, su salud y su felicidad. Una vejez digna es un derecho y hoy avanzamos en ese camino\u201d, se\u00f1al\u00f3.<\/p>\n\n\n\n<p>La Casa de D\u00eda cuenta con \u00e1reas equipadas para una atenci\u00f3n integral: ludoteca, consultorio m\u00e9dico, odontolog\u00eda, psicolog\u00eda, sal\u00f3n de usos m\u00faltiples, fisioterapia, cocina, jard\u00edn y espacios destinados a danza y actividades f\u00edsicas.<\/p>\n\n\n\n<p>Asimismo, el centro ofrecer\u00e1 servicios gratuitos orientados a mejorar la calidad de vida de las personas mayores, entre ellos: dotaciones alimentarias trimestrales, servicios de fisioterapia, consultas m\u00e9dicas, atenci\u00f3n odontol\u00f3gica y atenci\u00f3n psicol\u00f3gica.<\/p>\n\n\n\n<p>Para inscripciones o solicitudes de informaci\u00f3n, la poblaci\u00f3n interesada puede acudir directamente a este centro o comunicarse al n\u00famero de tel\u00e9fono (951) 50 150 00, extensi\u00f3n 2332, en un horario de 9:00 a 17:00 horas.<\/p>\n","protected":false},"excerpt":{"rendered":"<p>Redacci\u00f3n\/Zona Roja. Oaxaca, Oax., a 11 de noviembre de 2025.- En atenci\u00f3n a la necesidad&hellip;<\/p>\n","protected":false},"author":2,"featured_media":86787,"comment_status":"closed","ping_status":"open","sticky":false,"template":"","format":"standard","meta":{"_lmt_disableupdate":"","_lmt_disable":"","_jetpack_memberships_contains_paid_content":false,"footnotes":""},"categories":[109,46],"tags":[841],"class_list":["post-86786","post","type-post","status-publish","format-standard","has-post-thumbnail","hentry","category-minuto-a-minuto","category-zona-blanca","tag-dif-oaxaca"],"jetpack_featured_media_url":"https:\/\/zonaroja.com.mx\/wp-content\/uploads\/2025\/11\/1.Inaugura-DIF-Oaxaca-la-primera-Casa-de-Dia-para-personas-mayores.jpg","jetpack_sharing_enabled":true,"_links":{"self":[{"href":"https:\/\/zonaroja.com.mx\/index.php?rest_route=\/wp\/v2\/posts\/86786","targetHints":{"allow":["GET"]}}],"collection":[{"href":"https:\/\/zonaroja.com.mx\/index.php?rest_route=\/wp\/v2\/posts"}],"about":[{"href":"https:\/\/zonaroja.com.mx\/index.php?rest_route=\/wp\/v2\/types\/post"}],"author":[{"embeddable":true,"href":"https:\/\/zonaroja.com.mx\/index.php?rest_route=\/wp\/v2\/users\/2"}],"replies":[{"embeddable":true,"href":"https:\/\/zonaroja.com.mx\/index.php?rest_route=%2Fwp%2Fv2%2Fcomments&post=86786"}],"version-history":[{"count":1,"href":"https:\/\/zonaroja.com.mx\/index.php?rest_route=\/wp\/v2\/posts\/86786\/revisions"}],"predecessor-version":[{"id":86788,"href":"https:\/\/zonaroja.com.mx\/index.php?rest_route=\/wp\/v2\/posts\/86786\/revisions\/86788"}],"wp:featuredmedia":[{"embeddable":true,"href":"https:\/\/zonaroja.com.mx\/index.php?rest_route=\/wp\/v2\/media\/86787"}],"wp:attachment":[{"href":"https:\/\/zonaroja.com.mx\/index.php?rest_route=%2Fwp%2Fv2%2Fmedia&parent=86786"}],"wp:term":[{"taxonomy":"category","embeddable":true,"href":"https:\/\/zonaroja.com.mx\/index.php?rest_route=%2Fwp%2Fv2%2Fcategories&post=86786"},{"taxonomy":"post_tag","embeddable":true,"href":"https:\/\/zonaroja.com.mx\/index.php?rest_route=%2Fwp%2Fv2%2Ftags&post=86786"}],"curies":[{"name":"wp","href":"https:\/\/api.w.org\/{rel}","templated":true}]}}