{"id":86789,"date":"2025-11-11T21:15:22","date_gmt":"2025-11-12T03:15:22","guid":{"rendered":"https:\/\/zonaroja.com.mx\/?p=86789"},"modified":"2025-11-11T21:15:24","modified_gmt":"2025-11-12T03:15:24","slug":"indaga-la-sspc-la-denuncia-de-policias-sobre-presuntas-irregularidades","status":"publish","type":"post","link":"https:\/\/zonaroja.com.mx\/?p=86789","title":{"rendered":"Indaga la SSPC la denuncia de polic\u00edas sobre presuntas irregularidades"},"content":{"rendered":"\n<p>Lisbeth Mej\u00eda Reyes\/Zona Roja.<\/p>\n\n\n\n<p>Oaxaca, Oax., a 11 de noviembre de 2025.- Por segundo d\u00eda, un grupo de elementos denunci\u00f3 irregularidades en la Polic\u00eda Estatal de Oaxaca, ahora desde el cuartel ubicado en el municipio de Santa Mar\u00eda Coyotepec.<\/p>\n\n\n\n<p>En tanto, de acuerdo con fuentes internas, la Secretar\u00eda de Seguridad y Protecci\u00f3n Ciudadana de Oaxaca indaga los se\u00f1alamientos, con la finalidad de tomar las determinaciones correspondientes.<\/p>\n\n\n\n<p>Ayer y hoy, los quejosos denunciaron hostigamientos en su contra por parte del comisionado Francisco Santiago Garc\u00eda o tolerados por \u00e9l, por lo cual exigieron al gobernador Salom\u00f3n Jara la destituci\u00f3n del mando y el nombramiento de uno nuevo.&nbsp;<\/p>\n\n\n\n<p>El comisionado asumi\u00f3 el cargo en marzo pasado y bajo su responsabilidad se desarroll\u00f3 recientemente una fiesta en el cuartel de la Polic\u00eda Estatal de Oaxaca, en la que hubo pirotecnia y presuntamente el consumo de alcohol.&nbsp;<\/p>\n\n\n\n<p>Este caso fue confirmado por el titular de la Secretar\u00eda de Seguridad, Iv\u00e1n Garc\u00eda \u00c1lvarez, quien se\u00f1al\u00f3 ayer que ya hay una investigaci\u00f3n en Asuntos Internos para determinar la sanci\u00f3n correspondiente.<\/p>\n\n\n\n<p>Ayer, durante una protesta frente al Palacio de Gobierno, un grupo de polic\u00edas estatales denunci\u00f3 varios casos de hostigamiento debido a que han denunciado irregularidades en la corporaci\u00f3n.&nbsp;<\/p>\n\n\n\n<p>Este hostigamiento, explicaron, ha sido por parte de superiores e incluso del propio comisionado, e &nbsp;incluyen agresiones verbales, amenazas e incluso bajas forzadas.<\/p>\n\n\n\n<p>Mustafa Mart\u00ednez, uno de los polic\u00edas hostigados, denunci\u00f3 que a base de mentiras lo trajeron de su base Guadalupe Victoria a la de Tanivet y de ah\u00ed al cuartel, donde lo esperaba el comisionado Abad, quien lo confront\u00f3 y le exigi\u00f3 \u00abque le bajara de volumen\u00bb. Adem\u00e1s de que al llegar a su casa se encontr\u00f3 con que hab\u00edan entrado a robar la vivienda que habita con su familia.<\/p>\n\n\n\n<p>Carlos Eduardo S\u00e1nchez \u00c1lvarez, ex polic\u00eda, tambi\u00e9n denunci\u00f3 al comandante Villarreal y el polic\u00eda primero de la UPOE, de nombre Luciano, quienes el 11 de septiembre le quitaron su celular y le exigieron renunciar o de lo contrario lo pon\u00edan a disposici\u00f3n de l Fiscal\u00eda General del Estado de Oaxaca por presuntamente ser \u00abhalc\u00f3n\u00bb.<\/p>\n\n\n\n<p>Rosaura Contreras Lucas acus\u00f3 que sufri\u00f3 hostigamiento por haber participado en el paro del 2021 por parte del entonces comisionado, Francisco Santiago Jos\u00e9, padre del actual comisionado y actualmente es objeto de hostigamiento del actual comisionado.<\/p>\n\n\n\n<p>Despu\u00e9s de externar estos casos, las y los polic\u00edas dijeron temer por su integridad, pues se\u00f1alar las irregulares de la corporaci\u00f3n ya les ha tra\u00eddo afectaciones. Aun as\u00ed, llamaron a sus dem\u00e1s compa\u00f1eros a levantar la voz.<\/p>\n\n\n\n<p>Al reiterar el llamado al gobernador Salom\u00f3n Jara para que intervenga, la polic\u00eda Mar\u00eda de Jes\u00fas Rojas Cruz pidi\u00f3 que el nuevo jefe al mando \u00absea un mando con verdadera experiencia probada real en la gesti\u00f3n operativa, t\u00e1ctica, un mando que respete y apoye a la tropa, que no violente y que no discrimine\u00bb.<\/p>\n","protected":false},"excerpt":{"rendered":"<p>Lisbeth Mej\u00eda Reyes\/Zona Roja. Oaxaca, Oax., a 11 de noviembre de 2025.- Por segundo d\u00eda,&hellip;<\/p>\n","protected":false},"author":2,"featured_media":86790,"comment_status":"closed","ping_status":"open","sticky":false,"template":"","format":"standard","meta":{"_lmt_disableupdate":"","_lmt_disable":"","_jetpack_memberships_contains_paid_content":false,"footnotes":""},"categories":[109,47],"tags":[984],"class_list":["post-86789","post","type-post","status-publish","format-standard","has-post-thumbnail","hentry","category-minuto-a-minuto","category-zona-gris","tag-policia-estatal-de-oaxaca"],"jetpack_featured_media_url":"https:\/\/zonaroja.com.mx\/wp-content\/uploads\/2025\/11\/Denuncias-de-elementos-de-la-Policia-Estatal-de-Oaxaca.jpg","jetpack_sharing_enabled":true,"_links":{"self":[{"href":"https:\/\/zonaroja.com.mx\/index.php?rest_route=\/wp\/v2\/posts\/86789","targetHints":{"allow":["GET"]}}],"collection":[{"href":"https:\/\/zonaroja.com.mx\/index.php?rest_route=\/wp\/v2\/posts"}],"about":[{"href":"https:\/\/zonaroja.com.mx\/index.php?rest_route=\/wp\/v2\/types\/post"}],"author":[{"embeddable":true,"href":"https:\/\/zonaroja.com.mx\/index.php?rest_route=\/wp\/v2\/users\/2"}],"replies":[{"embeddable":true,"href":"https:\/\/zonaroja.com.mx\/index.php?rest_route=%2Fwp%2Fv2%2Fcomments&post=86789"}],"version-history":[{"count":1,"href":"https:\/\/zonaroja.com.mx\/index.php?rest_route=\/wp\/v2\/posts\/86789\/revisions"}],"predecessor-version":[{"id":86791,"href":"https:\/\/zonaroja.com.mx\/index.php?rest_route=\/wp\/v2\/posts\/86789\/revisions\/86791"}],"wp:featuredmedia":[{"embeddable":true,"href":"https:\/\/zonaroja.com.mx\/index.php?rest_route=\/wp\/v2\/media\/86790"}],"wp:attachment":[{"href":"https:\/\/zonaroja.com.mx\/index.php?rest_route=%2Fwp%2Fv2%2Fmedia&parent=86789"}],"wp:term":[{"taxonomy":"category","embeddable":true,"href":"https:\/\/zonaroja.com.mx\/index.php?rest_route=%2Fwp%2Fv2%2Fcategories&post=86789"},{"taxonomy":"post_tag","embeddable":true,"href":"https:\/\/zonaroja.com.mx\/index.php?rest_route=%2Fwp%2Fv2%2Ftags&post=86789"}],"curies":[{"name":"wp","href":"https:\/\/api.w.org\/{rel}","templated":true}]}}