{"id":86792,"date":"2025-11-12T06:18:27","date_gmt":"2025-11-12T12:18:27","guid":{"rendered":"https:\/\/zonaroja.com.mx\/?p=86792"},"modified":"2025-11-12T06:18:29","modified_gmt":"2025-11-12T12:18:29","slug":"realizan-familiares-identificacion-del-cuerpo-de-la-menor-noelia-daylen","status":"publish","type":"post","link":"https:\/\/zonaroja.com.mx\/?p=86792","title":{"rendered":"Realizan familiares identificaci\u00f3n del cuerpo de la menor Noelia Daylen"},"content":{"rendered":"\n<p>Raymundo Morales\/Zona Roja.<\/p>\n\n\n\n<p>Oaxaca, Oax., a 12 de noviembre de 2025.- &nbsp;La Fiscal\u00eda General del Estado de Oaxaca (FGEO) dio a conocer que facilit\u00f3 el proceso de identificaci\u00f3n del cuerpo de una ni\u00f1a (Noelia Daylen) que perdi\u00f3 la vida y fue localizada en domicilio de Juchit\u00e1n, adem\u00e1s de brindar a la familia el acompa\u00f1amiento especializado y atenci\u00f3n psicoemocional por parte del personal de la instituci\u00f3n, en un marco de respeto y sensibilidad.<\/p>\n\n\n\n<p>En un comunicado, reafirm\u00f3 que todas las diligencias se realizan con estricto apego a los protocolos establecidos por la ley, salvaguardando en todo momento la dignidad de la v\u00edctima y de sus familiares, as\u00ed como sus derechos humanos, conforme a la normativa aplicable.<\/p>\n\n\n\n<p>\u201cPor razones de seguridad y con el objetivo de garantizar el pleno respeto a los derechos de las v\u00edctimas y el adecuado desarrollo de la investigaci\u00f3n, fue necesario realizar el traslado del cuerpo y de las tres personas detenidas por la Fiscal\u00eda \u2014identificadas como R.E.B.N., M.G.S.P. y R.I.P.G., conforme al Bolet\u00edn 1921\u2014 a una ubicaci\u00f3n distinta, que permita llevar a cabo las actuaciones ministeriales en condiciones \u00f3ptimas y de seguridad\u201d, expuso.<\/p>\n\n\n\n<p>La Fiscal\u00eda General reitero su compromiso con una procuraci\u00f3n de justicia profesional, transparente y respetuosa, priorizando la protecci\u00f3n de las v\u00edctimas, el debido proceso y la aplicaci\u00f3n de la ley.<\/p>\n\n\n\n<p>Cabe mencionar que ayer por la tarde, los familiares de la peque\u00f1a \u2014cuya madre fue ejecutada la noche del lunes junto con otras dos personas m\u00e1s\u2014 afirmaban a trav\u00e9s de videos y entrevistas que la menor no hab\u00eda sido localizada y que el cuerpo localizado no era de la peque\u00f1a.<\/p>\n\n\n\n<p>Noelia Daylen fue localizada ayer alrededor del mediod\u00eda en una vivienda de la colonia La Planta de Juchit\u00e1n de Zaragoza, donde fueron detenidas tres mujeres, originarias de Chiapas y del Estado de M\u00e9xico, por su presunta participaci\u00f3n en el crimen de la menor y otros hechos violentos.<\/p>\n","protected":false},"excerpt":{"rendered":"<p>Raymundo Morales\/Zona Roja. Oaxaca, Oax., a 12 de noviembre de 2025.- &nbsp;La Fiscal\u00eda General del&hellip;<\/p>\n","protected":false},"author":2,"featured_media":86793,"comment_status":"closed","ping_status":"open","sticky":false,"template":"","format":"standard","meta":{"_lmt_disableupdate":"","_lmt_disable":"","_jetpack_memberships_contains_paid_content":false,"footnotes":""},"categories":[109,46],"tags":[543,494,4519],"class_list":["post-86792","post","type-post","status-publish","format-standard","has-post-thumbnail","hentry","category-minuto-a-minuto","category-zona-blanca","tag-feminicidio-en-juchitan","tag-fiscalia-general-del-estado-de-oaxaca","tag-noelia-daylen-s-g"],"jetpack_featured_media_url":"https:\/\/zonaroja.com.mx\/wp-content\/uploads\/2025\/11\/Noelia-Daylen-menor-Juchitan.jpg","jetpack_sharing_enabled":true,"_links":{"self":[{"href":"https:\/\/zonaroja.com.mx\/index.php?rest_route=\/wp\/v2\/posts\/86792","targetHints":{"allow":["GET"]}}],"collection":[{"href":"https:\/\/zonaroja.com.mx\/index.php?rest_route=\/wp\/v2\/posts"}],"about":[{"href":"https:\/\/zonaroja.com.mx\/index.php?rest_route=\/wp\/v2\/types\/post"}],"author":[{"embeddable":true,"href":"https:\/\/zonaroja.com.mx\/index.php?rest_route=\/wp\/v2\/users\/2"}],"replies":[{"embeddable":true,"href":"https:\/\/zonaroja.com.mx\/index.php?rest_route=%2Fwp%2Fv2%2Fcomments&post=86792"}],"version-history":[{"count":1,"href":"https:\/\/zonaroja.com.mx\/index.php?rest_route=\/wp\/v2\/posts\/86792\/revisions"}],"predecessor-version":[{"id":86794,"href":"https:\/\/zonaroja.com.mx\/index.php?rest_route=\/wp\/v2\/posts\/86792\/revisions\/86794"}],"wp:featuredmedia":[{"embeddable":true,"href":"https:\/\/zonaroja.com.mx\/index.php?rest_route=\/wp\/v2\/media\/86793"}],"wp:attachment":[{"href":"https:\/\/zonaroja.com.mx\/index.php?rest_route=%2Fwp%2Fv2%2Fmedia&parent=86792"}],"wp:term":[{"taxonomy":"category","embeddable":true,"href":"https:\/\/zonaroja.com.mx\/index.php?rest_route=%2Fwp%2Fv2%2Fcategories&post=86792"},{"taxonomy":"post_tag","embeddable":true,"href":"https:\/\/zonaroja.com.mx\/index.php?rest_route=%2Fwp%2Fv2%2Ftags&post=86792"}],"curies":[{"name":"wp","href":"https:\/\/api.w.org\/{rel}","templated":true}]}}