{"id":86795,"date":"2025-11-12T08:15:00","date_gmt":"2025-11-12T14:15:00","guid":{"rendered":"https:\/\/zonaroja.com.mx\/?p=86795"},"modified":"2025-11-12T07:46:25","modified_gmt":"2025-11-12T13:46:25","slug":"se-pronuncian-en-cabildo-tras-danos-al-atrio-de-la-catedral-por-informe-de-morenistas","status":"publish","type":"post","link":"https:\/\/zonaroja.com.mx\/?p=86795","title":{"rendered":"Se pronuncian en Cabildo tras da\u00f1os al atrio de la Catedral por informe de morenistas"},"content":{"rendered":"\n<p>Lisbeth Mej\u00eda Reyes&nbsp;<\/p>\n\n\n\n<p>Oaxaca, Oax., a 12 de noviembre de 2025.- El Cabildo de Oaxaca de Ju\u00e1rez se pronunci\u00f3 este martes en contra de los da\u00f1os causados al atrio de la Catedral metropolitana, a ra\u00edz del informe de diputados de Morena del pasado 8 de noviembre.<\/p>\n\n\n\n<p>En sesi\u00f3n ordinaria, tanto el presidente municipal, Raymundo Chagoya Villanueva, como los regidores Antonio \u00c1lvarez Mart\u00ednez y Mart\u00edn V\u00e1zquez Villanueva, consideraron necesaria la coordinaci\u00f3n con el Instituto Nacional de Antropolog\u00eda e Historia (INAH) para atender y prevenir afectaciones como estas. De igual manera, las que se generaron el pasado lunes en el acueducto de la colonia La Cascada, hecho por el que dos adolescentes fueron puestos a disposici\u00f3n de las autoridades correspondientes.<\/p>\n\n\n\n<p>El edil Chagoya Villanueva inform\u00f3 que en cuanto se tuvo como conocimiento del nuevo da\u00f1o al atrio de la Catedral se report\u00f3 ante el INAH y este revis\u00f3 inmediatamente el \u00e1rea para proceder conforme a derecho y, en su caso, aplicar la sanci\u00f3n correspondiente, as\u00ed como la restauraci\u00f3n que se requiera. Lo anterior debido a que este bien es uno de competencia federal, explic\u00f3.<\/p>\n\n\n\n<p>Como ayuntamiento, detall\u00f3 que tambi\u00e9n se dio parte a la Direcci\u00f3n de Centro y Patrimonio Hist\u00f3rico, adem\u00e1s de intervenir para que la empresa contratada para la instalaci\u00f3n del escenario no continuara da\u00f1ando el \u00e1rea.<\/p>\n\n\n\n<p>Al recordar que el centro hist\u00f3rico de Oaxaca es considerado patrimonio mundial desde el 11 de diciembre de 1987 por la UNESCO, el primer concejal reafirm\u00f3 el compromiso de la autoridad municipal para la preservaci\u00f3n del patrimonio hist\u00f3rico. Tambi\u00e9n para la actuaci\u00f3n ante cualquier afectaci\u00f3n en los espacios p\u00fablicos, especialmente en la zona de monumentos.<\/p>\n\n\n\n<p>Adem\u00e1s del Cabildo de Oaxaca de Ju\u00e1rez, el pasado domingo fue el arzobispo de Antequera, Pedro V\u00e1zquez Villalobos, quien lament\u00f3 los da\u00f1os a la Catedral metropolitana. Adem\u00e1s de exhortar a la poblaci\u00f3n a proteger este y los dem\u00e1s templos.&nbsp;<\/p>\n\n\n\n<p>En m\u00faltiples ocasiones, el arzobispo tambi\u00e9n ha solicitado a las autoridades de los tres \u00f3rdenes de gobierno a reinstalar las bardas que hasta hace unas d\u00e9cadas ten\u00edan los atrios de la catedral, el templo de San Agust\u00edn y otros, a fin de protegerlos de la contaminaci\u00f3n y se otros da\u00f1os.<\/p>\n\n\n\n<figure class=\"wp-block-embed is-type-rich is-provider-twitter wp-block-embed-twitter\"><div class=\"wp-block-embed__wrapper\">\n<div class=\"twitter-tweet\"><blockquote class=\"twitter-tweet\" data-lang=\"es\"><p lang=\"es\" dir=\"ltr\">2. En Cabildo, el regidor <a href=\"https:\/\/twitter.com\/martinvasquezv?ref_src=twsrc%5Etfw\">@martinvasquezv<\/a> expres\u00f3 su preocupaci\u00f3n por las afectaciones al patrimonio hist\u00f3rico de la capital, por dos hechos recientes sucedidos, los probables da\u00f1os al atrio y la Alameda de Le\u00f3n y al acueducto de Xochimilco. <br>Pidi\u00f3 reforzar la coordinaci\u00f3n con el\u2026 <a href=\"https:\/\/t.co\/D2spFwNbOf\">pic.twitter.com\/D2spFwNbOf<\/a><\/p>&mdash; Zona Roja Oaxaca (@ZonaRoja_Oaxaca) <a href=\"https:\/\/twitter.com\/ZonaRoja_Oaxaca\/status\/1988419616029245608?ref_src=twsrc%5Etfw\">12 de noviembre de 2025<\/a><\/blockquote><\/div>\n<\/div><\/figure>\n","protected":false},"excerpt":{"rendered":"<p>Lisbeth Mej\u00eda Reyes&nbsp; Oaxaca, Oax., a 12 de noviembre de 2025.- El Cabildo de Oaxaca&hellip;<\/p>\n","protected":false},"author":2,"featured_media":86802,"comment_status":"closed","ping_status":"open","sticky":false,"template":"","format":"standard","meta":{"_lmt_disableupdate":"","_lmt_disable":"","_jetpack_memberships_contains_paid_content":false,"footnotes":""},"categories":[109,46],"tags":[148,4403],"class_list":["post-86795","post","type-post","status-publish","format-standard","has-post-thumbnail","hentry","category-minuto-a-minuto","category-zona-blanca","tag-oaxaca-de-juarez","tag-ray-chagoya"],"jetpack_featured_media_url":"https:\/\/zonaroja.com.mx\/wp-content\/uploads\/2025\/11\/Sesion-de-Cabildo-Oaxaca.jpg","jetpack_sharing_enabled":true,"_links":{"self":[{"href":"https:\/\/zonaroja.com.mx\/index.php?rest_route=\/wp\/v2\/posts\/86795","targetHints":{"allow":["GET"]}}],"collection":[{"href":"https:\/\/zonaroja.com.mx\/index.php?rest_route=\/wp\/v2\/posts"}],"about":[{"href":"https:\/\/zonaroja.com.mx\/index.php?rest_route=\/wp\/v2\/types\/post"}],"author":[{"embeddable":true,"href":"https:\/\/zonaroja.com.mx\/index.php?rest_route=\/wp\/v2\/users\/2"}],"replies":[{"embeddable":true,"href":"https:\/\/zonaroja.com.mx\/index.php?rest_route=%2Fwp%2Fv2%2Fcomments&post=86795"}],"version-history":[{"count":2,"href":"https:\/\/zonaroja.com.mx\/index.php?rest_route=\/wp\/v2\/posts\/86795\/revisions"}],"predecessor-version":[{"id":86803,"href":"https:\/\/zonaroja.com.mx\/index.php?rest_route=\/wp\/v2\/posts\/86795\/revisions\/86803"}],"wp:featuredmedia":[{"embeddable":true,"href":"https:\/\/zonaroja.com.mx\/index.php?rest_route=\/wp\/v2\/media\/86802"}],"wp:attachment":[{"href":"https:\/\/zonaroja.com.mx\/index.php?rest_route=%2Fwp%2Fv2%2Fmedia&parent=86795"}],"wp:term":[{"taxonomy":"category","embeddable":true,"href":"https:\/\/zonaroja.com.mx\/index.php?rest_route=%2Fwp%2Fv2%2Fcategories&post=86795"},{"taxonomy":"post_tag","embeddable":true,"href":"https:\/\/zonaroja.com.mx\/index.php?rest_route=%2Fwp%2Fv2%2Ftags&post=86795"}],"curies":[{"name":"wp","href":"https:\/\/api.w.org\/{rel}","templated":true}]}}