{"id":86798,"date":"2025-11-12T09:15:00","date_gmt":"2025-11-12T15:15:00","guid":{"rendered":"https:\/\/zonaroja.com.mx\/?p=86798"},"modified":"2025-11-12T07:42:47","modified_gmt":"2025-11-12T13:42:47","slug":"afectara-a-ninez-y-desquiciara-la-seccion-22-a-oaxaca-durante-dos-dias","status":"publish","type":"post","link":"https:\/\/zonaroja.com.mx\/?p=86798","title":{"rendered":"Afectar\u00e1 a ni\u00f1ez y desquiciar\u00e1 la Secci\u00f3n 22 a Oaxaca durante dos d\u00edas"},"content":{"rendered":"\n<p>Ismael Garc\u00eda M.\/Zona Roja.<\/p>\n\n\n\n<p>Oaxaca, Oax., a 12 de noviembre de 2025.- Contrario al anterior paro de labores de integrantes de la Coordinadora Nacional de Trabajadores de la Educaci\u00f3n (CNTE), la Secci\u00f3n 22 del SNTE efectuar\u00e1 una serie de protestas y bloqueo durante los d\u00edas jueves y viernes.<\/p>\n\n\n\n<p>En su reciente Asamblea Estatal, determin\u00f3 que s\u00f3lo el 20 por ciento de integrantes del magisterio acudir\u00e1 a las movilizaciones en la Ciudad de M\u00e9xico, mientras que el 80 por ciento lo har\u00e1 en esta entidad.<\/p>\n\n\n\n<p>Y de acuerdo con las convocatorias emitidas ayer, las y los maestros \u201ctomar\u00e1n\u201d casetas de peaje, para dar paso a las unidades de motor mediante una cuota \u201cvoluntaria\u201d.<\/p>\n\n\n\n<p>Tambi\u00e9n, \u201ctoma\u201d de oficinas de gobierno y de empresas trasnacionales (centros comerciales), tanto en la capital como en el interior del estado, adem\u00e1s del paro de labores educativas, en afectaci\u00f3n a m\u00e1s de 800 mil estudiantes del nivel b\u00e1sico.<\/p>\n\n\n\n<p>Las demandas principales son la abrogaci\u00f3n de la Ley del ISSSTE as\u00ed como las reformas educativas impulsadas por el entonces Presidente Enrique Pe\u00f1a Nieto; asimismo, una mesa tripartita en la que se encuentre la mandataria Claudia Sheinbaum Pardo.<\/p>\n\n\n\n<p>Ahora le agregaron la exigencia de un mayor presupuesto para los sectores de educaci\u00f3n, salud y seguridad social.<\/p>\n\n\n\n<p>LLAMADO DE SEP<\/p>\n\n\n\n<p>Por su parte, la titular de la Secretar\u00eda de Gobernaci\u00f3n, Rosa Icela Rodr\u00edguez, emiti\u00f3 un mensaje a trav\u00e9s de un video, en que llam\u00f3 a las y los docentes del pa\u00eds a evitar afectaciones a terceros.<\/p>\n\n\n\n<p>\u201cComo gobierno hemos atendido las leg\u00edtimas demandas del magisterio, pero rechazamos cualquier manifestaci\u00f3n o amenaza con tintes pol\u00edticos que socaven la tranquilidad de la poblaci\u00f3n y desvirt\u00fae la lucha por una mejor educaci\u00f3n\u201d, dijo.<\/p>\n\n\n\n<p>Detall\u00f3 los m\u00faltiples beneficios que se han otorgado al magisterio a nivel nacional, entre ellos un aumento salarial de monto hist\u00f3rico.<\/p>\n\n\n\n<p>En el caso de la Secci\u00f3n 22 de Oaxaca, expuso que \u201cse han destinado cientos de millones de pesos\u201d para apoyar basificaciones, retribuir a jubilados, adquirir uniformes para los estudiantes y mobiliario escolar, as\u00ed como equipos de c\u00f3mputo.<\/p>\n\n\n\n<p>\u201cHacemos un llamado a continuar con el di\u00e1logo y que se respeten los derechos de la ciudadan\u00eda, y que se respete el derecho de las ni\u00f1as y ni\u00f1os a no interrumpir sus estudios\u201d, destac\u00f3 la secretaria de Gobernaci\u00f3n, en su mensaje en un video de 3:23 minutos.<\/p>\n","protected":false},"excerpt":{"rendered":"<p>Ismael Garc\u00eda M.\/Zona Roja. Oaxaca, Oax., a 12 de noviembre de 2025.- Contrario al anterior&hellip;<\/p>\n","protected":false},"author":2,"featured_media":80731,"comment_status":"closed","ping_status":"open","sticky":false,"template":"","format":"standard","meta":{"_lmt_disableupdate":"","_lmt_disable":"","_jetpack_memberships_contains_paid_content":false,"footnotes":""},"categories":[109,47],"tags":[312],"class_list":["post-86798","post","type-post","status-publish","format-standard","has-post-thumbnail","hentry","category-minuto-a-minuto","category-zona-gris","tag-seccion-22-del-snte"],"jetpack_featured_media_url":"https:\/\/zonaroja.com.mx\/wp-content\/uploads\/2025\/05\/CNTE-Coordinadora-Nacional-.jpg","jetpack_sharing_enabled":true,"_links":{"self":[{"href":"https:\/\/zonaroja.com.mx\/index.php?rest_route=\/wp\/v2\/posts\/86798","targetHints":{"allow":["GET"]}}],"collection":[{"href":"https:\/\/zonaroja.com.mx\/index.php?rest_route=\/wp\/v2\/posts"}],"about":[{"href":"https:\/\/zonaroja.com.mx\/index.php?rest_route=\/wp\/v2\/types\/post"}],"author":[{"embeddable":true,"href":"https:\/\/zonaroja.com.mx\/index.php?rest_route=\/wp\/v2\/users\/2"}],"replies":[{"embeddable":true,"href":"https:\/\/zonaroja.com.mx\/index.php?rest_route=%2Fwp%2Fv2%2Fcomments&post=86798"}],"version-history":[{"count":1,"href":"https:\/\/zonaroja.com.mx\/index.php?rest_route=\/wp\/v2\/posts\/86798\/revisions"}],"predecessor-version":[{"id":86799,"href":"https:\/\/zonaroja.com.mx\/index.php?rest_route=\/wp\/v2\/posts\/86798\/revisions\/86799"}],"wp:featuredmedia":[{"embeddable":true,"href":"https:\/\/zonaroja.com.mx\/index.php?rest_route=\/wp\/v2\/media\/80731"}],"wp:attachment":[{"href":"https:\/\/zonaroja.com.mx\/index.php?rest_route=%2Fwp%2Fv2%2Fmedia&parent=86798"}],"wp:term":[{"taxonomy":"category","embeddable":true,"href":"https:\/\/zonaroja.com.mx\/index.php?rest_route=%2Fwp%2Fv2%2Fcategories&post=86798"},{"taxonomy":"post_tag","embeddable":true,"href":"https:\/\/zonaroja.com.mx\/index.php?rest_route=%2Fwp%2Fv2%2Ftags&post=86798"}],"curies":[{"name":"wp","href":"https:\/\/api.w.org\/{rel}","templated":true}]}}