{"id":86804,"date":"2025-11-12T11:15:00","date_gmt":"2025-11-12T17:15:00","guid":{"rendered":"https:\/\/zonaroja.com.mx\/?p=86804"},"modified":"2025-11-12T07:58:03","modified_gmt":"2025-11-12T13:58:03","slug":"vinculan-a-proceso-a-policias-de-cdmx-que-mataron-a-joven-que-habian-detenido","status":"publish","type":"post","link":"https:\/\/zonaroja.com.mx\/?p=86804","title":{"rendered":"Vinculan a proceso a polic\u00edas de Cdmx que mataron a joven que hab\u00edan detenido"},"content":{"rendered":"\n<p>Redacci\u00f3n\/Zona Roja Cdmx.<\/p>\n\n\n\n<p>(Informaci\u00f3n de \u201cEl Imparcial\u201d M\u00e9xico)<\/p>\n\n\n\n<p>Ciudad de M\u00e9xico, a 12 de noviembre de 2025.- Las autoridades de la Ciudad de M\u00e9xico confirmaron que los tres polic\u00edas se\u00f1alados por su presunta participaci\u00f3n en la detenci\u00f3n y muerte de \u00c9rick Omar Ch\u00e1vez D\u00edaz fueron vinculados a proceso.<\/p>\n\n\n\n<p>El caso ocurri\u00f3 el pasado 4 de noviembre en calles de la alcald\u00eda Venustiano Carranza.<\/p>\n\n\n\n<p>\u201cHoy por la ma\u00f1ana nos enteramos que ya est\u00e1n vinculados a proceso los elementos relacionados con este caso\u201d, inform\u00f3 este martes la jefa de Gobierno, Clara Brugada.<\/p>\n\n\n\n<p>\u00c9rick Omar Ch\u00e1vez fue detenido por elementos de la Secretar\u00eda de Seguridad Ciudadana (SSC) en la zona de La Merced capitalina y posteriormente hallado sin vida d\u00edas despu\u00e9s.<\/p>\n\n\n\n<p>El 7 de noviembre, la SSC anunci\u00f3 la captura de los agentes presuntamente responsables, tras conocerse la denuncia p\u00fablica y el avance de las investigaciones de la Fiscal\u00eda General de Justicia.<\/p>\n\n\n\n<p>El secretario de Seguridad, Pablo V\u00e1zquez Camacho, asegur\u00f3 que la corporaci\u00f3n no tolerar\u00e1 abusos ni actos fuera de la ley dentro de sus filas.<\/p>\n\n\n\n<p>\u201cReprobamos absolutamente lo ocurrido, lo lamentamos y no va a haber tolerancia en la Secretar\u00eda a este tipo de conductas. Desde el inicio fueron presentadas las personas identificadas con el evento directamente\u201d, declar\u00f3.<\/p>\n\n\n\n<p>V\u00e1zquez explic\u00f3 que la SSC, a trav\u00e9s del \u00e1rea de Asuntos Internos y en coordinaci\u00f3n con la Fiscal\u00eda, obtuvo las \u00f3rdenes de aprehensi\u00f3n contra los polic\u00edas implicados, las cuales ya fueron cumplimentadas.<\/p>\n\n\n\n<p>Adem\u00e1s, confirm\u00f3 que los tres elementos enfrentan un proceso judicial y que el director del sector donde estaban asignados fue removido de su cargo.<\/p>\n\n\n\n<p>El titular de la SSC se\u00f1al\u00f3 que se trabajar\u00e1 de forma conjunta con la familia de Erick Omar Ch\u00e1vez para garantizar una reparaci\u00f3n integral del da\u00f1o.<\/p>\n\n\n\n<p>\u201cSe dar\u00e1 acompa\u00f1amiento a trav\u00e9s de instituciones como la Comisi\u00f3n de Derechos Humanos, la Comisi\u00f3n Ejecutiva de Atenci\u00f3n a V\u00edctimas y la Fiscal\u00eda de Justicia\u201d, indic\u00f3.<\/p>\n","protected":false},"excerpt":{"rendered":"<p>Redacci\u00f3n\/Zona Roja Cdmx. (Informaci\u00f3n de \u201cEl Imparcial\u201d M\u00e9xico) Ciudad de M\u00e9xico, a 12 de noviembre&hellip;<\/p>\n","protected":false},"author":2,"featured_media":86805,"comment_status":"closed","ping_status":"open","sticky":false,"template":"","format":"standard","meta":{"_lmt_disableupdate":"","_lmt_disable":"","_jetpack_memberships_contains_paid_content":false,"footnotes":""},"categories":[109,47],"tags":[4520],"class_list":["post-86804","post","type-post","status-publish","format-standard","has-post-thumbnail","hentry","category-minuto-a-minuto","category-zona-gris","tag-erick-omar-chavez-diaz"],"jetpack_featured_media_url":"https:\/\/zonaroja.com.mx\/wp-content\/uploads\/2025\/11\/Erick-Omar-asesinado-Cdmx.webp","jetpack_sharing_enabled":true,"_links":{"self":[{"href":"https:\/\/zonaroja.com.mx\/index.php?rest_route=\/wp\/v2\/posts\/86804","targetHints":{"allow":["GET"]}}],"collection":[{"href":"https:\/\/zonaroja.com.mx\/index.php?rest_route=\/wp\/v2\/posts"}],"about":[{"href":"https:\/\/zonaroja.com.mx\/index.php?rest_route=\/wp\/v2\/types\/post"}],"author":[{"embeddable":true,"href":"https:\/\/zonaroja.com.mx\/index.php?rest_route=\/wp\/v2\/users\/2"}],"replies":[{"embeddable":true,"href":"https:\/\/zonaroja.com.mx\/index.php?rest_route=%2Fwp%2Fv2%2Fcomments&post=86804"}],"version-history":[{"count":1,"href":"https:\/\/zonaroja.com.mx\/index.php?rest_route=\/wp\/v2\/posts\/86804\/revisions"}],"predecessor-version":[{"id":86806,"href":"https:\/\/zonaroja.com.mx\/index.php?rest_route=\/wp\/v2\/posts\/86804\/revisions\/86806"}],"wp:featuredmedia":[{"embeddable":true,"href":"https:\/\/zonaroja.com.mx\/index.php?rest_route=\/wp\/v2\/media\/86805"}],"wp:attachment":[{"href":"https:\/\/zonaroja.com.mx\/index.php?rest_route=%2Fwp%2Fv2%2Fmedia&parent=86804"}],"wp:term":[{"taxonomy":"category","embeddable":true,"href":"https:\/\/zonaroja.com.mx\/index.php?rest_route=%2Fwp%2Fv2%2Fcategories&post=86804"},{"taxonomy":"post_tag","embeddable":true,"href":"https:\/\/zonaroja.com.mx\/index.php?rest_route=%2Fwp%2Fv2%2Ftags&post=86804"}],"curies":[{"name":"wp","href":"https:\/\/api.w.org\/{rel}","templated":true}]}}