{"id":86807,"date":"2025-11-12T11:15:00","date_gmt":"2025-11-12T17:15:00","guid":{"rendered":"https:\/\/zonaroja.com.mx\/?p=86807"},"modified":"2025-11-12T08:11:53","modified_gmt":"2025-11-12T14:11:53","slug":"desde-el-cine-rigoberto-perezcano-busca-sensibilizar-sobre-matrimonios-forzados","status":"publish","type":"post","link":"https:\/\/zonaroja.com.mx\/?p=86807","title":{"rendered":"Desde el cine, Rigoberto Perezcano busca sensibilizar sobre matrimonios forzados\u00a0"},"content":{"rendered":"\n<p>Lisbeth Mej\u00eda Reyes\/Zona Roja.<\/p>\n\n\n\n<p>Oaxaca, Oax., a 12 de noviembre de 2025.- \u201dYo no creo que las pel\u00edculas cambien las posturas y las realidades. Sin embargo, creo que s\u00ed pueden ayudar a sensibilizar a las personas\u00bb, dice el cineasta oaxaque\u00f1o Rigoberto Perezcano, quien a trav\u00e9s de su nueva pel\u00edcula apela a esto \u00faltimo para reflexionar sobre los matrimonios forzados que a\u00fan existen en el pa\u00eds, incluido su estado natal.<\/p>\n\n\n\n<p>Despu\u00e9s de \u00abNorteado\u00bb (2009) y \u00abCarm\u00edn Tropical\u201d (2014), Perezcano presenta \u00abLos amantes se despiden con la mirada\u00bb, pel\u00edcula que estren\u00f3 en el reciente Festival Internacional de Cine de Morelia.&nbsp;<\/p>\n\n\n\n<p>Ahora, a trav\u00e9s de OaxacaCine, la asociaci\u00f3n civil que fund\u00f3 con Isabel Rojas, trae esta nueva pel\u00edcula, en la que comparte la historia de Elida, una adolescente de 16 a\u00f1os de edad forzada a un mata con con Dami\u00e1n, hombre mayor y altivo.&nbsp;<\/p>\n\n\n\n<p>En esta pel\u00edcula de ficci\u00f3n, pero basada en la realidad, Elida se niega a \u00abseguir con las viejas usanzas debido al amor que le profesa a Olivo, un joven que no deja de invocar a su padre fallecido\u00bb.<\/p>\n\n\n\n<p>La pel\u00edcula tendr\u00e1 dos funciones los d\u00edas 13 y 14 de noviembre, a las 19:00 horas, en el teatro Macedonio Alcal\u00e1, en la ciudad de Oaxaca.&nbsp;<\/p>\n\n\n\n<p>El acceso es libre y gratuito, aunque el cineasta y OaxacaCine conf\u00edan en que al ingresar a la proyecci\u00f3n el p\u00fablico se sume a la recaudaci\u00f3n de fondos a favor del Fondo \u201cGuadalupe Musalem\u201d, asociaci\u00f3n civil que impulsa la educaci\u00f3n y desarrollo de mujeres adolescentes y j\u00f3venes de comunidades ind\u00edgenas de la entidad.<\/p>\n\n\n\n<p>La pel\u00edcula, se\u00f1ala Perezcano, no tiene la intenci\u00f3n de se\u00f1alar o de \u00abrega\u00f1ar\u00bb a las comunidades donde persiste la pr\u00e1ctica de los matrimonios forzados sino reflejar lo que ocurre y a partir de eso sensibilizar.<\/p>\n\n\n\n<p>Este martes, la pel\u00edcula fue presentada en conferencia de prensa en el teatro \u201cMacedonio Alcal\u00e1\u201d. En la actividad participaron el cineasta, los actores &nbsp;Ximena Figueroa y Pedro y Miguel Xavier, adem\u00e1s de integrantes de OaxacaCine y el secretario de las Culturas y Artes de Oaxaca, Flavio Sosa Villavicencio.<\/p>\n\n\n\n<p>Adem\u00e1s de dar a conocer las funciones, tambi\u00e9n explicaron que se planea una gira por varias comunidades de Oaxaca donde persisten los matrimonios forzados o arreglados, una problem\u00e1tica sobre la cual consideran necesario sensibilizar, pues generalmente se dan entre ni\u00f1as y adolescentes con hombres mayores.<\/p>\n\n\n\n<p>Antes de formar parte de la programaci\u00f3n de OaxacaCine M\u00f3vil, \u00abLos amantes se despiden con la mirada\u00bb result\u00f3 ganadora del premio Estudios Churubusco Azteca en la secci\u00f3n \u201cImpulso Morelia 6\u201d del FICM. Y en el a\u00f1o 2023 recibi\u00f3 el Premio CINE + CLUB, Premio Sof\u00eda Films, Premio CAACI, Premio Festival de Trieste \u2013 APCLAI, Premio VISOM y Premio Stone Milk en la d\u00e9cima quinta edici\u00f3n de Ventana Sur, en Buenos Aires, Argentina.<\/p>\n\n\n\n<p>MATRIMONIOS FORZADOS<\/p>\n\n\n\n<p>En Oaxaca el 33.9% de las mujeres mayores de 15 a\u00f1os reportan haberse unido antes de esa edad se\u00f1ala el Grupo de Estudios sobre la Mujer Rosario Castellanos (GES Mujer), con base en la Encuesta Nacional sobre la Din\u00e1mica de las Relaciones en los Hogares (ENDIREH, 2021).<\/p>\n\n\n\n<p>La organizaci\u00f3n ha advertido que \u00abestas uniones est\u00e1n vinculadas a embarazos adolescentes, deserci\u00f3n escolar, violencia sexual y pobreza estructural\u00bb.<\/p>\n\n\n\n<p>Datos del Instituto Nacional de Estad\u00edstica y Geograf\u00eda (INEGI) se\u00f1alan que, junto con Guerrero y Chiapas, Oaxaca es uno de los tres estados del pa\u00eds que al menos hasta el 2020 concentra a la mitad de las 27 mil 800 mujeres ind\u00edgenas de entre 12 y 17 a\u00f1os casadas o unidas. Esto a pesar de que desde el a\u00f1o 2019 est\u00e1 prohibido el matrimonio infantil en M\u00e9xico.<\/p>\n\n\n\n<p>La Red por los Derechos de la Infancia en M\u00e9xico (Redim) ha condenado \u00abla prevalencia de esta pr\u00e1ctica que, bajo el argumento de los usos y costumbres de las comunidades ind\u00edgenas, cosifica a ni\u00f1as y adolescentes en diversas entidades del pa\u00eds\u201d.<\/p>\n\n\n\n<figure class=\"wp-block-embed is-type-rich is-provider-twitter wp-block-embed-twitter\"><div class=\"wp-block-embed__wrapper\">\n<div class=\"twitter-tweet\"><blockquote class=\"twitter-tweet\" data-lang=\"es\"><p lang=\"es\" dir=\"ltr\">B.- \u00bfY c\u00f3mo llegaron Ximena y Pedro a ser actores de la pel\u00edcula \u201cLos amantes se despiden con la mirada\u201d, del oaxaque\u00f1o <a href=\"https:\/\/twitter.com\/RPerezcano?ref_src=twsrc%5Etfw\">@RPerezcano<\/a>? Esto contaron hoy. <br><br>En tanto, el titular de la <a href=\"https:\/\/twitter.com\/SECULTA_GobOax?ref_src=twsrc%5Etfw\">@SECULTA_GobOax<\/a>, <a href=\"https:\/\/twitter.com\/flaviososavilla?ref_src=twsrc%5Etfw\">@flaviososavilla<\/a>, anunci\u00f3 que se buscan apoyos para llevar a las comunidades este\u2026 <a href=\"https:\/\/t.co\/CW1Dceo4OX\">pic.twitter.com\/CW1Dceo4OX<\/a><\/p>&mdash; Zona Roja Oaxaca (@ZonaRoja_Oaxaca) <a href=\"https:\/\/twitter.com\/ZonaRoja_Oaxaca\/status\/1988455409489768936?ref_src=twsrc%5Etfw\">12 de noviembre de 2025<\/a><\/blockquote><\/div>\n<\/div><\/figure>\n","protected":false},"excerpt":{"rendered":"<p>Lisbeth Mej\u00eda Reyes\/Zona Roja. Oaxaca, Oax., a 12 de noviembre de 2025.- \u201dYo no creo&hellip;<\/p>\n","protected":false},"author":2,"featured_media":86808,"comment_status":"closed","ping_status":"open","sticky":false,"template":"","format":"standard","meta":{"_lmt_disableupdate":"","_lmt_disable":"","_jetpack_memberships_contains_paid_content":false,"footnotes":""},"categories":[109,46],"tags":[4488],"class_list":["post-86807","post","type-post","status-publish","format-standard","has-post-thumbnail","hentry","category-minuto-a-minuto","category-zona-blanca","tag-rigoberto-perezcano"],"jetpack_featured_media_url":"https:\/\/zonaroja.com.mx\/wp-content\/uploads\/2025\/11\/Conferencia-Rigobeerto-Perezcano.jpg","jetpack_sharing_enabled":true,"_links":{"self":[{"href":"https:\/\/zonaroja.com.mx\/index.php?rest_route=\/wp\/v2\/posts\/86807","targetHints":{"allow":["GET"]}}],"collection":[{"href":"https:\/\/zonaroja.com.mx\/index.php?rest_route=\/wp\/v2\/posts"}],"about":[{"href":"https:\/\/zonaroja.com.mx\/index.php?rest_route=\/wp\/v2\/types\/post"}],"author":[{"embeddable":true,"href":"https:\/\/zonaroja.com.mx\/index.php?rest_route=\/wp\/v2\/users\/2"}],"replies":[{"embeddable":true,"href":"https:\/\/zonaroja.com.mx\/index.php?rest_route=%2Fwp%2Fv2%2Fcomments&post=86807"}],"version-history":[{"count":2,"href":"https:\/\/zonaroja.com.mx\/index.php?rest_route=\/wp\/v2\/posts\/86807\/revisions"}],"predecessor-version":[{"id":86811,"href":"https:\/\/zonaroja.com.mx\/index.php?rest_route=\/wp\/v2\/posts\/86807\/revisions\/86811"}],"wp:featuredmedia":[{"embeddable":true,"href":"https:\/\/zonaroja.com.mx\/index.php?rest_route=\/wp\/v2\/media\/86808"}],"wp:attachment":[{"href":"https:\/\/zonaroja.com.mx\/index.php?rest_route=%2Fwp%2Fv2%2Fmedia&parent=86807"}],"wp:term":[{"taxonomy":"category","embeddable":true,"href":"https:\/\/zonaroja.com.mx\/index.php?rest_route=%2Fwp%2Fv2%2Fcategories&post=86807"},{"taxonomy":"post_tag","embeddable":true,"href":"https:\/\/zonaroja.com.mx\/index.php?rest_route=%2Fwp%2Fv2%2Ftags&post=86807"}],"curies":[{"name":"wp","href":"https:\/\/api.w.org\/{rel}","templated":true}]}}