{"id":86812,"date":"2025-11-12T12:12:00","date_gmt":"2025-11-12T18:12:00","guid":{"rendered":"https:\/\/zonaroja.com.mx\/?p=86812"},"modified":"2025-11-12T08:14:53","modified_gmt":"2025-11-12T14:14:53","slug":"opinion-los-buitres-carroneros-no-estan-en-la-prensa","status":"publish","type":"post","link":"https:\/\/zonaroja.com.mx\/?p=86812","title":{"rendered":"Opini\u00f3n. Los buitres carro\u00f1eros no est\u00e1n en la prensa"},"content":{"rendered":"\n<p>N\u00e9stor Y. S\u00e1nchez Islas<\/p>\n\n\n\n<p>El asesinato del popular alcalde de Uruapan, Michoac\u00e1n, Carlos Manzo, provoc\u00f3 la crisis m\u00e1s fuerte que ha tenido el segundo piso del populismo mexicano. La presidenta no encontr\u00f3 mejor forma de defenderse que culpar a los medios y de pedir se investigaran las publicaciones en las redes sociales porque, desde su \u00f3ptica, son parte de una conspiraci\u00f3n de la derecha en su contra. No falt\u00f3 culpar a Calder\u00f3n y a Pe\u00f1a Nieto, pero no toc\u00f3 de ninguna manera a AMLO, quien la antecedi\u00f3 y a quien muchos mexicanos consideramos como aliado del crimen organizado.<\/p>\n\n\n\n<p>La presidenta no soport\u00f3 ver las protestas callejeras, las velas y las flores por el alcalde asesinado y la tormenta desatada en las redes sociales. Para ella, los medios y los reporteros que la criticaron son buitres carro\u00f1eros. No mostr\u00f3 empat\u00eda por la v\u00edctima, ni compromiso con la justicia. Con sus frases cortantes, pero reveladoras, la presidenta no solo descalific\u00f3 a la prensa, sino que desvela claramente su deriva autoritaria.<\/p>\n\n\n\n<p>La prensa libre cumple con su papel de informar y no de servir al poder. La indignaci\u00f3n nacional mostrada en calles y redes sociales son una realidad que nadie puede ocultar,&nbsp;a excepci\u00f3n&nbsp;de&nbsp;las plumas oportunistas afines al r\u00e9gimen, mientras&nbsp;ustedes les paguen. El intento de silenciar a la prensa y las redes sociales no es m\u00e1s que seguir demoliendo lo poco que queda de la democracia mexicana.<\/p>\n\n\n\n<p>Francisco Zarco, periodista liberal del siglo XIX y uno de los grandes defensores de la libertad de prensa en M\u00e9xico, escribi\u00f3: \u201cLa libertad de escribir es la salvaguarda de todas las libertades.\u201d Lo entendi\u00f3 en una \u00e9poca en que los gobiernos censuraban peri\u00f3dicos, clausuraban imprentas y persegu\u00edan a quienes se atrev\u00edan a denunciar los abusos del poder.&nbsp;Ha transcurrido un siglo y medio desde entonces y, esa advertencia conserva su vigencia, porque sin periodismo libre, no hay contrapeso&nbsp;y,&nbsp;sin contrapesos, el poder se pudre&nbsp;y lo contagia.<\/p>\n\n\n\n<p>La presidenta se enoja con los mensajeros como si el asesinato del alcalde de Uruapan sea un hecho aislado. No es as\u00ed, ese crimen es ya parte de la cotidianidad de la pol\u00edtica y su colusi\u00f3n con el crimen.&nbsp;No solo alcaldes, sino polic\u00edas, gente de la calle y, por supuesto periodistas son blanco de amenazas y ataques&nbsp;desde elcrimen organizado y, ahora tambi\u00e9n desde la m\u00e1xima tribuna del pa\u00eds.<\/p>\n\n\n\n<p>Se\u00f1ora presidenta, se\u00f1ores funcionarios y pol\u00edticos, la prensa no comete los asesinatos; los narra, los documenta, los visibiliza y da nombre a las v\u00edctimas. Gracias a la prensa, el tiempo no ha borrado los nombres de los miles de muertos y desaparecidos de este enorme cementerio que es M\u00e9xico.&nbsp;Lo que ustedes llaman amarillismo suele ser la realidad de todos nosotros, la crudeza con que enfrentamos nuestro d\u00eda a d\u00eda.&nbsp;Se\u00f1ora presidenta, donde usted ve buitres nosotros vemos el&nbsp;cad\u00e1ver que es el Estado&nbsp;incapaz de protegernos y cumplir con sus obligaciones. Ese Estado putrefacto es que&nbsp;atrae buitres, no la prensa.<\/p>\n\n\n\n<p>Ricardo Flores Mag\u00f3n, en los albores del siglo XX, fue encarcelado y perseguido precisamente por escribir contra la represi\u00f3n y la corrupci\u00f3n. Desde su exilio escribi\u00f3: \u201cLa prensa libre es la mirada de la naci\u00f3n; apagarla es condenar al pueblo a la ceguera.\u201d Sus palabras,&nbsp;hoy m\u00e1s actuales que nunca, son una advertencia para el presente. Porque la tentaci\u00f3n autoritaria no&nbsp;desapareci\u00f3: solo&nbsp;cambi\u00f3&nbsp;de rostro, de&nbsp;partido&nbsp;y de discurso.<\/p>\n\n\n\n<p>La presidenta est\u00e1 en todo su derecho de defender&nbsp;a&nbsp;su gobierno, pero no&nbsp;hacerlo&nbsp;a trav\u00e9s de la denostaci\u00f3n, de la descalificaci\u00f3n y la estigmatizaci\u00f3n de todo un gremio que cumple con informar, con dar voz a los que no la tienen y en exhibir todo aquello que el gobierno quiere ocultar. Fomentar el odio contra la prensa es el caldo de cultivo&nbsp;de la desinformaci\u00f3n, que ni a usted ni a nadie le favorece. La libertad de prensa no es una graciosa concesi\u00f3n, es un derecho ganado por todos los mexicanos&nbsp;y la defensa de \u00e9sta no deber\u00eda depender de la simpat\u00eda ideol\u00f3gica de quien ostente el poder.<\/p>\n\n\n\n<p>M\u00e1s que odiar a la prensa, los aut\u00f3cratas odian la verdad. Nada hay peor para ellos que haya alguien que disienta con su versi\u00f3n de la realidad. Disfrutan polarizando y convertir la vida en una dicotom\u00eda en donde ellos son quienes siempre estar\u00e1n del lado correcto de la historia; falso.<\/p>\n\n\n\n<p>Se\u00f1ora presidenta, usted desea ver buitres y carro\u00f1a en d\u00f3nde hay cr\u00edtica. Debe buscarla en la c\u00fapula de su partido, en funcionarios de su gobierno, en congresistas, gobernadores y presidentes municipales a lo largo y ancho del pa\u00eds.&nbsp;Si usted le pierde el respeto a la cr\u00edtica,&nbsp;la gente perder\u00e1 el derecho a la verdad.&nbsp;Hoy, ante el asesinato&nbsp;del alcalde Manzo&nbsp;y la agresi\u00f3n verbal desde el poder, la pregunta no es solo qui\u00e9n&nbsp;lo mat\u00f3, sino qu\u00e9 tanto de nuestra democracia&nbsp;fue tambi\u00e9n asesinada.<\/p>\n\n\n\n<p>nestoryuri@yahoo.com<\/p>\n","protected":false},"excerpt":{"rendered":"<p>N\u00e9stor Y. S\u00e1nchez Islas El asesinato del popular alcalde de Uruapan, Michoac\u00e1n, Carlos Manzo, provoc\u00f3&hellip;<\/p>\n","protected":false},"author":2,"featured_media":67897,"comment_status":"closed","ping_status":"open","sticky":false,"template":"","format":"standard","meta":{"_lmt_disableupdate":"","_lmt_disable":"","_jetpack_memberships_contains_paid_content":false,"footnotes":""},"categories":[109,47],"tags":[3050],"class_list":["post-86812","post","type-post","status-publish","format-standard","has-post-thumbnail","hentry","category-minuto-a-minuto","category-zona-gris","tag-nestor-yuri-sanchez"],"jetpack_featured_media_url":"https:\/\/zonaroja.com.mx\/wp-content\/uploads\/2024\/05\/Opinion-Nestor-Yuri-Sanchez.jpeg","jetpack_sharing_enabled":true,"_links":{"self":[{"href":"https:\/\/zonaroja.com.mx\/index.php?rest_route=\/wp\/v2\/posts\/86812","targetHints":{"allow":["GET"]}}],"collection":[{"href":"https:\/\/zonaroja.com.mx\/index.php?rest_route=\/wp\/v2\/posts"}],"about":[{"href":"https:\/\/zonaroja.com.mx\/index.php?rest_route=\/wp\/v2\/types\/post"}],"author":[{"embeddable":true,"href":"https:\/\/zonaroja.com.mx\/index.php?rest_route=\/wp\/v2\/users\/2"}],"replies":[{"embeddable":true,"href":"https:\/\/zonaroja.com.mx\/index.php?rest_route=%2Fwp%2Fv2%2Fcomments&post=86812"}],"version-history":[{"count":1,"href":"https:\/\/zonaroja.com.mx\/index.php?rest_route=\/wp\/v2\/posts\/86812\/revisions"}],"predecessor-version":[{"id":86813,"href":"https:\/\/zonaroja.com.mx\/index.php?rest_route=\/wp\/v2\/posts\/86812\/revisions\/86813"}],"wp:featuredmedia":[{"embeddable":true,"href":"https:\/\/zonaroja.com.mx\/index.php?rest_route=\/wp\/v2\/media\/67897"}],"wp:attachment":[{"href":"https:\/\/zonaroja.com.mx\/index.php?rest_route=%2Fwp%2Fv2%2Fmedia&parent=86812"}],"wp:term":[{"taxonomy":"category","embeddable":true,"href":"https:\/\/zonaroja.com.mx\/index.php?rest_route=%2Fwp%2Fv2%2Fcategories&post=86812"},{"taxonomy":"post_tag","embeddable":true,"href":"https:\/\/zonaroja.com.mx\/index.php?rest_route=%2Fwp%2Fv2%2Ftags&post=86812"}],"curies":[{"name":"wp","href":"https:\/\/api.w.org\/{rel}","templated":true}]}}