{"id":86818,"date":"2025-11-12T17:42:50","date_gmt":"2025-11-12T23:42:50","guid":{"rendered":"https:\/\/zonaroja.com.mx\/?p=86818"},"modified":"2025-11-12T17:42:52","modified_gmt":"2025-11-12T23:42:52","slug":"las-ninas-no-se-tocan-la-manta-que-cargo-noelia-daylen-en-marcha-feminista","status":"publish","type":"post","link":"https:\/\/zonaroja.com.mx\/?p=86818","title":{"rendered":"\u201cLas ni\u00f1as no se tocan\u201d, la manta que carg\u00f3 Noelia Daylen en marcha feminista"},"content":{"rendered":"\n<p>Lisbeth Mej\u00eda Reyes\/Zona Roja. Foto: Joyce Del \u00c1ngel G\u00f3mez.<\/p>\n\n\n\n<p>Oaxaca, Oax., a 12 de noviembre de 2025.- \u201dLas ni\u00f1as no se tocan\u00bb. Con esa frase plasmada en una peque\u00f1a manta, Noelia Daylen acompa\u00f1aba a su madre en la marcha del pasado 8 de marzo, D\u00eda Internacional de la Mujer, en Juchit\u00e1n de Zaragoza.&nbsp;<\/p>\n\n\n\n<p>Ocho meses despu\u00e9s de aquella protesta, la que en la ciudad de Oaxaca fue reprimida por la Polic\u00eda Estatal, la ni\u00f1a de cuatro a\u00f1os de edad y su madre, Adilene G. L. (de 21), fueron asesinadas.<\/p>\n\n\n\n<p>Ambas son las \u00faltimas v\u00edctimas de la violencia que azota al estado de Oaxaca y que ha acabado con la vida de 78 mujeres en la entidad.<\/p>\n\n\n\n<p>Esa violencia feminicida, atravesada tambi\u00e9n por el crimen organizado, se ha ensa\u00f1ado especialmente con el Istmo de Tehuantepec y el municipio de Juchit\u00e1n.&nbsp;<\/p>\n\n\n\n<p>Desde agosto de 2018, Juchit\u00e1n es uno de los 40 del estado con Alerta de Violencia de G\u00e9nero contra las Mujeres (AVGM), un mecanismo de acci\u00f3n urgente para frenar los feminicidios, pero que de acuerdo con la organizaci\u00f3n Consorcio, no ha sido tomado en serio por las autoridades de Oaxaca.<\/p>\n\n\n\n<p>De enero a la fecha, han sido asesinadas 22 mujeres en esa regi\u00f3n; 10 de ellas (casi la mitad) en Juchit\u00e1n, de acuerdo con los registros del Grupo de Estudios sobre la Mujer Rosario Castellanos (GES Mujer) y Consorcio para el Di\u00e1logo Parlamentario y la Equidad Oaxaca.&nbsp;<\/p>\n\n\n\n<p>Noelia fue desaparecida la noche del 10 de noviembre, tras el ataque armado en el que su madre fue privada de la vida junto a otra mujer (K. V. S.) y un hombre (C. E. A. M.).&nbsp;<\/p>\n\n\n\n<p>Un d\u00eda despu\u00e9s, en medio de la b\u00fasqueda desesperada de sus familiares y otras personas de la comunidad, la Fiscal\u00eda General del Estado de Oaxaca (FGEO) informaba que la ni\u00f1a hab\u00eda sido encontrada muerta en el fraccionamiento La Planta y que tres mujeres presuntamente implicadas en su desaparici\u00f3n y muerte fueron detenidas (R. E. B. N, M. G. S. P. y R. I. P. G.).<\/p>\n\n\n\n<p>Ante la falta de un cuerpo que hubieran reconocido, su abuela y familiares a\u00fan guardaban la esperanza de hallar a Noelia con vida y negaban lo dicho por la fiscal\u00eda. Horas despu\u00e9s, la FGEO confirmaba el hallazgo y aseguraba que daba acompa\u00f1amiento a la familia para el reconocimiento de la menor.<\/p>\n\n\n\n<p>NO QUEDAR\u00c1 IMPUNE<\/p>\n\n\n\n<p>\u00abEres un \u00e1ngel y no merec\u00edas tal sufrimiento, que tu muerte no quede impune y que tus perpetradores paguen caro lo que te hicieron\u00bb. Con ese mensaje, Ivanna Castillejos, quien se identific\u00f3 como familiar, desped\u00eda a Noelia.&nbsp;<\/p>\n\n\n\n<p>Tambi\u00e9n dedicaba palabras para Adilene, a quien se refer\u00eda como su hermana.<\/p>\n\n\n\n<p>El clamor por justicia inund\u00f3 las redes sociales, donde el Grupo de Mujeres \u201c8 de Marzo\u201d y otras mujeres condenaron el triple feminicidio ocurrido el 10 y 11 de noviembre, adem\u00e1s de exigir justicia y que se apliquen los protocolos de la Alerta de Violencia de G\u00e9nero.<\/p>\n\n\n\n<p>\u00abOjal\u00e1 y Juchit\u00e1n abra los ojos, que despierten, que tomen consciencia de lo que se est\u00e1 viviendo hoy en d\u00eda. Hoy fuimos nosotros y de verdad espero que ya no haya casos repetibles. Descansa en paz mi ni\u00f1a hermosa tan llena de vida. Estar\u00e1s junto a tu mamita que amaste tanto\u00bb, expresaba Ivanna.<\/p>\n\n\n\n<p>El feminicidio de Noelia, Adilene y la otra joven, ocurri\u00f3 a cinco meses de que la Secretar\u00eda de Marina y otras fuerzas federales y estatales emprendieron en Juchit\u00e1n la Operaci\u00f3n \u201cSable\u201d para intervenir a la polic\u00eda municipal e ir tras objetos del crimen organizado, espec\u00edficamente la c\u00e9lula del \u201cComandante Cromo\u201d, presuntamente vinculada al C\u00e1rtel Jalisco Nueva Generaci\u00f3n (CJNG).<\/p>\n\n\n\n<p>Apenas el 3 de noviembre, la Fiscal\u00eda reportaba la detenci\u00f3n de tres presuntos integrantes de la c\u00e9lula, con los que se estima que son m\u00e1s de 90 desde la puesta en marcha de la \u201cOperaci\u00f3n Sable\u201d.&nbsp;<\/p>\n\n\n\n<p>De esta, el secretario de Seguridad Ciudadana del pa\u00eds, Omar Garc\u00eda Harfuch, ha dicho que se trata de un despliegue de la Secretar\u00eda de Marina y otras fuerzas federales y estatales en zonas de alta incidencia delictiva y para detener a objetivos espec\u00edficos.&nbsp;<\/p>\n\n\n\n<p>Cuestionado por un reportero de \u201cEl Universal\u201d, Harfuch evit\u00f3 se\u00f1alar si el operativo es porque existen o no riesgos para el Corredor Interoce\u00e1nico que impulsa el gobierno federal.<\/p>\n\n\n\n<p>Un d\u00eda despu\u00e9s del asesinato de Noelia, las fuerzas federales y estatales desplegaron nuevamente la \u201cOperaci\u00f3n Sable\u201d en Juchit\u00e1n.<\/p>\n","protected":false},"excerpt":{"rendered":"<p>Lisbeth Mej\u00eda Reyes\/Zona Roja. Foto: Joyce Del \u00c1ngel G\u00f3mez. Oaxaca, Oax., a 12 de noviembre&hellip;<\/p>\n","protected":false},"author":2,"featured_media":86820,"comment_status":"closed","ping_status":"open","sticky":false,"template":"","format":"standard","meta":{"_lmt_disableupdate":"","_lmt_disable":"","_jetpack_memberships_contains_paid_content":false,"footnotes":""},"categories":[109,47],"tags":[610],"class_list":["post-86818","post","type-post","status-publish","format-standard","has-post-thumbnail","hentry","category-minuto-a-minuto","category-zona-gris","tag-feminicidios-oaxaca"],"jetpack_featured_media_url":"https:\/\/zonaroja.com.mx\/wp-content\/uploads\/2025\/11\/Noelia-Daylen-marcha-Juchitan.jpg","jetpack_sharing_enabled":true,"_links":{"self":[{"href":"https:\/\/zonaroja.com.mx\/index.php?rest_route=\/wp\/v2\/posts\/86818","targetHints":{"allow":["GET"]}}],"collection":[{"href":"https:\/\/zonaroja.com.mx\/index.php?rest_route=\/wp\/v2\/posts"}],"about":[{"href":"https:\/\/zonaroja.com.mx\/index.php?rest_route=\/wp\/v2\/types\/post"}],"author":[{"embeddable":true,"href":"https:\/\/zonaroja.com.mx\/index.php?rest_route=\/wp\/v2\/users\/2"}],"replies":[{"embeddable":true,"href":"https:\/\/zonaroja.com.mx\/index.php?rest_route=%2Fwp%2Fv2%2Fcomments&post=86818"}],"version-history":[{"count":1,"href":"https:\/\/zonaroja.com.mx\/index.php?rest_route=\/wp\/v2\/posts\/86818\/revisions"}],"predecessor-version":[{"id":86821,"href":"https:\/\/zonaroja.com.mx\/index.php?rest_route=\/wp\/v2\/posts\/86818\/revisions\/86821"}],"wp:featuredmedia":[{"embeddable":true,"href":"https:\/\/zonaroja.com.mx\/index.php?rest_route=\/wp\/v2\/media\/86820"}],"wp:attachment":[{"href":"https:\/\/zonaroja.com.mx\/index.php?rest_route=%2Fwp%2Fv2%2Fmedia&parent=86818"}],"wp:term":[{"taxonomy":"category","embeddable":true,"href":"https:\/\/zonaroja.com.mx\/index.php?rest_route=%2Fwp%2Fv2%2Fcategories&post=86818"},{"taxonomy":"post_tag","embeddable":true,"href":"https:\/\/zonaroja.com.mx\/index.php?rest_route=%2Fwp%2Fv2%2Ftags&post=86818"}],"curies":[{"name":"wp","href":"https:\/\/api.w.org\/{rel}","templated":true}]}}