{"id":8682,"date":"2020-02-12T08:40:15","date_gmt":"2020-02-12T14:40:15","guid":{"rendered":"http:\/\/www.zonaroja.com.mx\/?p=8682"},"modified":"2020-02-12T08:40:46","modified_gmt":"2020-02-12T14:40:46","slug":"preocupa-a-personal-de-base-de-fiscalia-de-oaxaca-crisis-en-el-fondo-de-pensiones","status":"publish","type":"post","link":"https:\/\/zonaroja.com.mx\/?p=8682","title":{"rendered":"Preocupa a personal de base de Fiscal\u00eda de Oaxaca crisis en el fondo de pensiones"},"content":{"rendered":"\n<p>Evlin\nArag\u00f3n\/Zona Roja.<\/p>\n\n\n\n<p>Oaxaca de\nJu\u00e1rez, Oax., 12 de febrero de 2020.- Personal de base adscrito a la Fiscal\u00eda\nGeneral del Estado manifest\u00f3 su preocupaci\u00f3n por el estado financiero que\nguarda el Fondo de Pensiones del Gobierno del Estado, luego de una serie de\ndeclaraciones, que calificaron como desafortunadas, del titular de la Secretar\u00eda\nde Administraci\u00f3n, Germ\u00e1n Espinosa Santib\u00e1\u00f1ez, que hicieran prender las alertas\nde las y los trabajadores.<\/p>\n\n\n\n<p>Isidra Laura\nCruz R\u00edos, representante sindical de la delegaci\u00f3n 3D101, indic\u00f3 que es\nfundamental que se transparente las finanzas que registra en estos momentos el\nfondo y se d\u00e9 a conocer si el adeudo de 177 millones de pesos que ten\u00eda el\nGobierno del Estado con este en el 2016, fue cubierto.<\/p>\n\n\n\n<p>Lo anterior\ndebido a la preocupaci\u00f3n que genera la incertidumbre de no saber a ciencia\ncierta lo que sucede con sus ahorros para el retiro, pese a que han solicitado\nla informaci\u00f3n al Sindicato de Trabajadores de los Poderes del Estado e\nInstituciones Descentralizadas de Car\u00e1cter Estatal de Oaxaca quien hasta el\nmomento no ha hecho caso de la petici\u00f3n legal de las y los trabajadores.<\/p>\n\n\n\n<p>\u201cEs un tema que ha causado mucha incertidumbre con todos los compa\u00f1eros, no sabemos realmente la situaci\u00f3n que guarda nuestro fondo de pensiones, queremos aportar lo que nos corresponde como trabajadores para fijar un precedente y empezar a rescatar el funcionamiento del mismo\u201d, dijo la delegada.<\/p>\n\n\n\n<figure class=\"wp-block-embed-twitter wp-block-embed is-type-rich is-provider-twitter\"><div class=\"wp-block-embed__wrapper\">\n<div class=\"twitter-tweet\"><blockquote class=\"twitter-tweet\" data-lang=\"es\"><p lang=\"es\" dir=\"ltr\"><a href=\"https:\/\/twitter.com\/hashtag\/OaxacaGris?src=hash&amp;ref_src=twsrc%5Etfw\">#OaxacaGris<\/a><br>Esta es la denuncia que hicieron trabajadores de base de la <a href=\"https:\/\/twitter.com\/FISCALIA_GobOax?ref_src=twsrc%5Etfw\">@FISCALIA_GobOax<\/a>, afiliados al <a href=\"https:\/\/twitter.com\/STPEIDCEO?ref_src=twsrc%5Etfw\">@STPEIDCEO<\/a>, respecto al manejo irregular y opacidad por parte de la <a href=\"https:\/\/twitter.com\/Admon_GobOax?ref_src=twsrc%5Etfw\">@Admon_GobOax<\/a> de los recursos del fondo de pensiones. <a href=\"https:\/\/t.co\/e0qTxyPvGY\">pic.twitter.com\/e0qTxyPvGY<\/a><\/p>&mdash; Zona Roja Oaxaca (@MexRoja) <a href=\"https:\/\/twitter.com\/MexRoja\/status\/1227584943867346946?ref_src=twsrc%5Etfw\">12 de febrero de 2020<\/a><\/blockquote><\/div>\n<\/div><\/figure>\n\n\n\n<p>Y es que el\npasado 27 de enero, en el marco de su comparecencia ante el Congreso del\nEstado, el titular de la Secretar\u00eda de Administraci\u00f3n del Gobierno del Estado\nde Oaxaca, Germ\u00e1n Espinoza Santib\u00e1\u00f1ez, inform\u00f3 que el Fondo de Pensiones de las\ny los trabajadores del Gobierno estatal podr\u00eda entrar en crisis para el 2021.<\/p>\n\n\n\n<p>El\nfuncionario precis\u00f3 que el recurso que maneja esta fondo, ya no es suficiente\npara atender a las cuatro mil 243 personas que depende de este, aunque aclar\u00f3\nque en este a\u00f1o sigue funcionando con 62 millones de pesos.<\/p>\n\n\n\n<p>Por lo\nanterior Isidra Laura Cruz R\u00edos, acompa\u00f1ada de Marino Juan M\u00e9ndez Morales y\nJos\u00e9 Manuel Ram\u00edrez Torralba, tambi\u00e9n representantes sindicales, externaron su\np\u00fablica la solicitud de informaci\u00f3n que dijo hacen dentro del marco legal, y\ncon los oficios debidamente dirigidos a las diferentes partes involucradas en\nel tema, incluidos funcionarios de primer nivel del gobierno de Oaxaca.<\/p>\n\n\n\n<p>As\u00ed mismo, detall\u00f3\nque por el momento no tienen contempladas movilizaciones, sin embargo, estas\nacciones no se descartan en caso de que no sea atendida su demanda principal\nque es la transparencia del estado financiero del Fondo de Pensiones.<\/p>\n\n\n\n<p>Finalmente,\nlo delegados recordaron que mantienen pendiente la aprobaci\u00f3n de las reformas\nlaborales que permita su separaci\u00f3n del Gobierno del Estado, dado que se\nencuentran adscritos a un ente aut\u00f3nomo como lo es la Fiscal\u00eda, el tema se\nencuentra en manos del titular de la instancia Rub\u00e9n Vasconcelos M\u00e9ndez y\nconf\u00edan en que se resuelva a favor y sin consecuencias negativas para la base\ntrabajadora.<\/p>\n","protected":false},"excerpt":{"rendered":"<p>Evlin Arag\u00f3n\/Zona Roja. Oaxaca de Ju\u00e1rez, Oax., 12 de febrero de 2020.- Personal de base&hellip;<\/p>\n","protected":false},"author":2,"featured_media":8683,"comment_status":"closed","ping_status":"open","sticky":false,"template":"","format":"standard","meta":{"_lmt_disableupdate":"","_lmt_disable":"","_jetpack_memberships_contains_paid_content":false,"footnotes":""},"categories":[109,47],"tags":[494,1361],"class_list":["post-8682","post","type-post","status-publish","format-standard","has-post-thumbnail","hentry","category-minuto-a-minuto","category-zona-gris","tag-fiscalia-general-del-estado-de-oaxaca","tag-german-espinosa-santibanez"],"jetpack_featured_media_url":"https:\/\/zonaroja.com.mx\/wp-content\/uploads\/2020\/02\/Trabajadores-Fiscal\u00eda.png","jetpack_sharing_enabled":true,"_links":{"self":[{"href":"https:\/\/zonaroja.com.mx\/index.php?rest_route=\/wp\/v2\/posts\/8682","targetHints":{"allow":["GET"]}}],"collection":[{"href":"https:\/\/zonaroja.com.mx\/index.php?rest_route=\/wp\/v2\/posts"}],"about":[{"href":"https:\/\/zonaroja.com.mx\/index.php?rest_route=\/wp\/v2\/types\/post"}],"author":[{"embeddable":true,"href":"https:\/\/zonaroja.com.mx\/index.php?rest_route=\/wp\/v2\/users\/2"}],"replies":[{"embeddable":true,"href":"https:\/\/zonaroja.com.mx\/index.php?rest_route=%2Fwp%2Fv2%2Fcomments&post=8682"}],"version-history":[{"count":2,"href":"https:\/\/zonaroja.com.mx\/index.php?rest_route=\/wp\/v2\/posts\/8682\/revisions"}],"predecessor-version":[{"id":8685,"href":"https:\/\/zonaroja.com.mx\/index.php?rest_route=\/wp\/v2\/posts\/8682\/revisions\/8685"}],"wp:featuredmedia":[{"embeddable":true,"href":"https:\/\/zonaroja.com.mx\/index.php?rest_route=\/wp\/v2\/media\/8683"}],"wp:attachment":[{"href":"https:\/\/zonaroja.com.mx\/index.php?rest_route=%2Fwp%2Fv2%2Fmedia&parent=8682"}],"wp:term":[{"taxonomy":"category","embeddable":true,"href":"https:\/\/zonaroja.com.mx\/index.php?rest_route=%2Fwp%2Fv2%2Fcategories&post=8682"},{"taxonomy":"post_tag","embeddable":true,"href":"https:\/\/zonaroja.com.mx\/index.php?rest_route=%2Fwp%2Fv2%2Ftags&post=8682"}],"curies":[{"name":"wp","href":"https:\/\/api.w.org\/{rel}","templated":true}]}}