{"id":86825,"date":"2025-11-12T20:20:28","date_gmt":"2025-11-13T02:20:28","guid":{"rendered":"https:\/\/zonaroja.com.mx\/?p=86825"},"modified":"2025-11-12T20:20:30","modified_gmt":"2025-11-13T02:20:30","slug":"representantes-de-unos-70-pueblos-zapotecas-piden-audiencia-con-gobernador","status":"publish","type":"post","link":"https:\/\/zonaroja.com.mx\/?p=86825","title":{"rendered":"Representantes de unos 70 pueblos zapotecas piden audiencia con gobernador"},"content":{"rendered":"\n<p>Raymundo Morales\/Zona Roja.<\/p>\n\n\n\n<p>Oaxaca, Oax., a 12 de noviembre de 2025.- Integrantes de la Asociaci\u00f3n Regional de Comunidades Ind\u00edgenas del Pueblo Zapoteco en sus variantes dialectales Xhidza y Xhon, llegaron a la capital de Oaxaca para pedir una audiencia con el gobernador Salom\u00f3n Jara Cruz.<\/p>\n\n\n\n<p>Durante una conferencia de prensa en el z\u00f3calo, los representantes de unas 70 comunidades ind\u00edgenas zapotecas, chinantecas y mixes de la Sierra Ju\u00e1rez precisaron que no son gestores de intereses personales, sino representantes leg\u00edtimos de sus pueblos, preocupados por dar cumplimiento a los mandatos de sus asambleas: procurar bienestar, dignidad y justicia social para sus comunidades.<\/p>\n\n\n\n<p>\u201cVenimos con respeto, pero tambi\u00e9n con urgencia. Lo que pedimos es justo y necesario para nuestra gente\u00bb, expresaron en voz de Tito Jim\u00e9nez Ramos, presidente de la asociaci\u00f3n y regidor de Hacienda de San Juan Yatzona, Villa Alta, junto con Hermenegildo Francisco P\u00e9rez Mart\u00ednez, vicepresidente; Agust\u00edn Andr\u00e9s, secretario; Alberto L\u00f3pez Robles, tesorero; C\u00e9sar Jer\u00f3nimo Morales, primer vocal; y Bonifacio Monta\u00f1o Hern\u00e1ndez, segundo vocal.<\/p>\n\n\n\n<p>Expusieron su preocupaci\u00f3n porque desde hace meses ha solicitado audiencia con el titular del Poder Ejecutivo estatal, sin haber sido recibida hasta ahora.<\/p>\n\n\n\n<p>Las comunidades solcitan la rehabilitaci\u00f3n y mantenimiento de las carreteras que conectan San Mateo Capul\u00e1lpam de M\u00e9ndez con San Juan Taba\u00e1 (sector Zoogocho); D\u00edaz Ordaz con Villa Alta (sectores Cajonos y Villa Alta); y Maravillas con Santiago Lalopa (sector Rinc\u00f3n Medio, Talea-Tanetze).\u00a0<\/p>\n\n\n\n<p>Se\u00f1alan que el mal&nbsp;estado de las v\u00edas afecta la movilidad, encarece el transporte y a\u00edsla a poblaciones enteras durante la temporada de lluvias.<\/p>\n\n\n\n<p>LOS PENDIENTES<\/p>\n\n\n\n<p>Otra de las demandas centrales es el abasto de medicamentos en los centros de salud y unidades m\u00e9dicas rurales, as\u00ed como la designaci\u00f3n de personal m\u00e9dico y de enfermer\u00eda donde actualmente no lo hay.&nbsp;<\/p>\n\n\n\n<p>Enfatizaron que el hospital de Villa Alta opera con carencias graves, lo que obliga a las familias a trasladarse por horas hasta Oaxaca para recibir atenci\u00f3n b\u00e1sica.<\/p>\n\n\n\n<p>Las autoridades reconocen que el gobierno estatal ha atendido algunas necesidades sociales en la Sierra Ju\u00e1rez, pero advierten que los avances son insuficientes para cubrir las necesidades b\u00e1sicas de las comunidades.<\/p>\n\n\n\n<p>Piden di\u00e1logo directo con el gobernador para recordar los compromisos de obra y apoyos que ofreci\u00f3 durante sus giras y que, hasta la fecha, permanecen sin avances.&nbsp;<\/p>\n\n\n\n<p>\u00abQueremos construir, no confrontar. Pero necesitamos respuestas. Nuestras comunidades est\u00e1n cansadas de esperar\u00bb, reiter\u00f3 Jim\u00e9nez Ramos, en nombre de la Asociaci\u00f3n Regional.<\/p>\n\n\n\n<figure class=\"wp-block-embed is-type-rich is-provider-twitter wp-block-embed-twitter\"><div class=\"wp-block-embed__wrapper\">\n<div class=\"twitter-tweet\"><blockquote class=\"twitter-tweet\" data-lang=\"es\"><p lang=\"es\" dir=\"ltr\"><a href=\"https:\/\/twitter.com\/hashtag\/AlMomento?src=hash&amp;ref_src=twsrc%5Etfw\">#AlMomento<\/a> <br>Autoridades afiliadas a la Asociaci\u00f3n Regional de Comunidades Ind\u00edgenas del Pueblo Zapoteco (Xhidza y Xhon) de la Sierra Ju\u00e1rez de Oaxaca, que aglutina a unas 70 comunidades, demandan una audiencia con el gobernador <a href=\"https:\/\/twitter.com\/salomonj?ref_src=twsrc%5Etfw\">@salomonj<\/a>, para presentar diversos planteamientos en\u2026 <a href=\"https:\/\/t.co\/CLoKJw6Sl0\">pic.twitter.com\/CLoKJw6Sl0<\/a><\/p>&mdash; Zona Roja Oaxaca (@ZonaRoja_Oaxaca) <a href=\"https:\/\/twitter.com\/ZonaRoja_Oaxaca\/status\/1988641306923425882?ref_src=twsrc%5Etfw\">12 de noviembre de 2025<\/a><\/blockquote><\/div>\n<\/div><\/figure>\n","protected":false},"excerpt":{"rendered":"<p>Raymundo Morales\/Zona Roja. Oaxaca, Oax., a 12 de noviembre de 2025.- Integrantes de la Asociaci\u00f3n&hellip;<\/p>\n","protected":false},"author":2,"featured_media":86826,"comment_status":"closed","ping_status":"open","sticky":false,"template":"","format":"standard","meta":{"_lmt_disableupdate":"","_lmt_disable":"","_jetpack_memberships_contains_paid_content":false,"footnotes":""},"categories":[109,46],"tags":[4522],"class_list":["post-86825","post","type-post","status-publish","format-standard","has-post-thumbnail","hentry","category-minuto-a-minuto","category-zona-blanca","tag-asociacion-regional-de-comunidades-indigenas-del-pueblo-zapoteca"],"jetpack_featured_media_url":"https:\/\/zonaroja.com.mx\/wp-content\/uploads\/2025\/11\/Asociacion-de-Autoridades-de-la-Sierra-Juarez-conferencia.jpg","jetpack_sharing_enabled":true,"_links":{"self":[{"href":"https:\/\/zonaroja.com.mx\/index.php?rest_route=\/wp\/v2\/posts\/86825","targetHints":{"allow":["GET"]}}],"collection":[{"href":"https:\/\/zonaroja.com.mx\/index.php?rest_route=\/wp\/v2\/posts"}],"about":[{"href":"https:\/\/zonaroja.com.mx\/index.php?rest_route=\/wp\/v2\/types\/post"}],"author":[{"embeddable":true,"href":"https:\/\/zonaroja.com.mx\/index.php?rest_route=\/wp\/v2\/users\/2"}],"replies":[{"embeddable":true,"href":"https:\/\/zonaroja.com.mx\/index.php?rest_route=%2Fwp%2Fv2%2Fcomments&post=86825"}],"version-history":[{"count":1,"href":"https:\/\/zonaroja.com.mx\/index.php?rest_route=\/wp\/v2\/posts\/86825\/revisions"}],"predecessor-version":[{"id":86827,"href":"https:\/\/zonaroja.com.mx\/index.php?rest_route=\/wp\/v2\/posts\/86825\/revisions\/86827"}],"wp:featuredmedia":[{"embeddable":true,"href":"https:\/\/zonaroja.com.mx\/index.php?rest_route=\/wp\/v2\/media\/86826"}],"wp:attachment":[{"href":"https:\/\/zonaroja.com.mx\/index.php?rest_route=%2Fwp%2Fv2%2Fmedia&parent=86825"}],"wp:term":[{"taxonomy":"category","embeddable":true,"href":"https:\/\/zonaroja.com.mx\/index.php?rest_route=%2Fwp%2Fv2%2Fcategories&post=86825"},{"taxonomy":"post_tag","embeddable":true,"href":"https:\/\/zonaroja.com.mx\/index.php?rest_route=%2Fwp%2Fv2%2Ftags&post=86825"}],"curies":[{"name":"wp","href":"https:\/\/api.w.org\/{rel}","templated":true}]}}