{"id":86828,"date":"2025-11-12T21:23:42","date_gmt":"2025-11-13T03:23:42","guid":{"rendered":"https:\/\/zonaroja.com.mx\/?p=86828"},"modified":"2025-11-12T21:23:44","modified_gmt":"2025-11-13T03:23:44","slug":"pide-universidad-comunal-pago-de-quincena-atrasada-a-unos-74-trabajadores","status":"publish","type":"post","link":"https:\/\/zonaroja.com.mx\/?p=86828","title":{"rendered":"Pide Universidad Comunal pago de quincena atrasada a unos 74 trabajadores"},"content":{"rendered":"\n<p>Ismael Garc\u00eda M.\/Zona Roja.<\/p>\n\n\n\n<p>Oaxaca, Oax., a 12 de noviembre de 2025.- La Universidad Aut\u00f3noma Comunal de Oaxaca (UACO) pidi\u00f3 al gobierno estatal el pago de la segunda quincena de octubre a unos 74 trabajadores.<\/p>\n\n\n\n<p>A trav\u00e9s de un comunicado, inform\u00f3 que, pese a las adversidades financieras y al reiterado incumplimiento de los compromisos institucionales por parte del Gobierno del Estado, contin\u00faa trabajando con dignidad, responsabilidad y profundo compromiso hacia las comunidades que le dan origen, sentido y legitimidad.<\/p>\n\n\n\n<p>\u201cDesde su creaci\u00f3n, la UACO ha asumido con entereza la misi\u00f3n de construir un modelo de educaci\u00f3n superior comunal, libre, pertinente y arraigado en los pueblos y comunidades de Oaxaca. Lo ha hecho con respeto, transparencia y dentro de los marcos administrativos que establece la ley.<\/p>\n\n\n\n<p>\u201cSin embargo, al d\u00eda de hoy, m\u00e1s de 74 trabajadoras y trabajadores, entre personal administrativo y facilitadores, no han recibido el pago correspondiente a la segunda quincena de octubre y se encuentra en entredicho que se cumpla con su pago para la primera quincena del mes de noviembre.<\/p>\n\n\n\n<p>\u201cSituaci\u00f3n que constituye una grave omisi\u00f3n institucional y una forma de violencia institucional que vulnera la estabilidad de la universidad y los derechos laborales de quienes sostienen con su esfuerzo cotidiano el funcionamiento de esta casa de aprendizajes comunales\u201d, destac\u00f3.<\/p>\n\n\n\n<p>Expuso que esta problem\u00e1tica no es un hecho aislado, sino el reflejo de una serie de obst\u00e1culos estructurales y actos de discriminaci\u00f3n institucional que la UACO ha enfrentado desde su conversi\u00f3n en Organismo P\u00fablico Descentralizado (OPD).&nbsp;<\/p>\n\n\n\n<p>\u201cDicho cambio se acept\u00f3 con la confianza que se fortalecer\u00eda su operaci\u00f3n; no obstante, los hechos han demostrado lo contrario\u201d.&nbsp;<\/p>\n\n\n\n<p>Detall\u00f3 que entre los principales pendientes que obstaculizan el desarrollo pleno de la Universidad destacan:<\/p>\n\n\n\n<p>\ufeff\ufeffLa legalizaci\u00f3n de certificados oficiales para las y los estudiantes que han concluido su proceso formativo permanece detenida por causas ajenas a la Universidad, afectando injustamente el reconocimiento de su esfuerzo y la continuidad de sus trayectorias educativas.<\/p>\n\n\n\n<p>\ufeff\ufeffAunque la Universidad ya cuenta con las claves de centro de trabajo para sus 16 Centros Universitarios Comunales, la falta de renovaci\u00f3n de los sellos institucionales sigue impidiendo el reconocimiento pleno y la certeza administrativa de los procesos formativos y de gesti\u00f3n acad\u00e9mica que sostenemos junto a las comunidades.<\/p>\n\n\n\n<p>\ufeff\ufeffUn techo presupuestal insuficiente, que compromete la operatividad actual, futura y el sostenimiento del proyecto educativo comunal.<\/p>\n\n\n\n<p>\ufeff\ufeffLa revisi\u00f3n del estatus laboral de trabajadores que colaboran con la universidad y hoy son requeridos por presuntas \u00abincompatibilidades\u00bb, pese a que su labor responde a los principios y necesidades de la educaci\u00f3n comunal.<\/p>\n\n\n\n<p>\u201cResulta inadmisible que, mientras el Estado garantiza el pago puntual de los salarios de su alta burocracia, las y los trabajadores de la UACO deban esperar el cumplimiento de un derecho constitucional, como es la remuneraci\u00f3n justa y oportuna\u201d, lament\u00f3.&nbsp;<\/p>\n\n\n\n<p>Agrego que pese a esa situaci\u00f3n, la Universidad Aut\u00f3noma Comunal de Oaxaca no responde con confrontaci\u00f3n, sino con trabajo, pensamiento y vida comunal.<\/p>\n","protected":false},"excerpt":{"rendered":"<p>Ismael Garc\u00eda M.\/Zona Roja. Oaxaca, Oax., a 12 de noviembre de 2025.- La Universidad Aut\u00f3noma&hellip;<\/p>\n","protected":false},"author":2,"featured_media":86829,"comment_status":"closed","ping_status":"open","sticky":false,"template":"","format":"standard","meta":{"_lmt_disableupdate":"","_lmt_disable":"","_jetpack_memberships_contains_paid_content":false,"footnotes":""},"categories":[109,46],"tags":[3764],"class_list":["post-86828","post","type-post","status-publish","format-standard","has-post-thumbnail","hentry","category-minuto-a-minuto","category-zona-blanca","tag-universidad-autonoma-comunal-de-oaxaca-uaco"],"jetpack_featured_media_url":"https:\/\/zonaroja.com.mx\/wp-content\/uploads\/2025\/11\/Universidad-Autonoma-Comunal-de-Oaxaca-UACO.jpg","jetpack_sharing_enabled":true,"_links":{"self":[{"href":"https:\/\/zonaroja.com.mx\/index.php?rest_route=\/wp\/v2\/posts\/86828","targetHints":{"allow":["GET"]}}],"collection":[{"href":"https:\/\/zonaroja.com.mx\/index.php?rest_route=\/wp\/v2\/posts"}],"about":[{"href":"https:\/\/zonaroja.com.mx\/index.php?rest_route=\/wp\/v2\/types\/post"}],"author":[{"embeddable":true,"href":"https:\/\/zonaroja.com.mx\/index.php?rest_route=\/wp\/v2\/users\/2"}],"replies":[{"embeddable":true,"href":"https:\/\/zonaroja.com.mx\/index.php?rest_route=%2Fwp%2Fv2%2Fcomments&post=86828"}],"version-history":[{"count":1,"href":"https:\/\/zonaroja.com.mx\/index.php?rest_route=\/wp\/v2\/posts\/86828\/revisions"}],"predecessor-version":[{"id":86830,"href":"https:\/\/zonaroja.com.mx\/index.php?rest_route=\/wp\/v2\/posts\/86828\/revisions\/86830"}],"wp:featuredmedia":[{"embeddable":true,"href":"https:\/\/zonaroja.com.mx\/index.php?rest_route=\/wp\/v2\/media\/86829"}],"wp:attachment":[{"href":"https:\/\/zonaroja.com.mx\/index.php?rest_route=%2Fwp%2Fv2%2Fmedia&parent=86828"}],"wp:term":[{"taxonomy":"category","embeddable":true,"href":"https:\/\/zonaroja.com.mx\/index.php?rest_route=%2Fwp%2Fv2%2Fcategories&post=86828"},{"taxonomy":"post_tag","embeddable":true,"href":"https:\/\/zonaroja.com.mx\/index.php?rest_route=%2Fwp%2Fv2%2Ftags&post=86828"}],"curies":[{"name":"wp","href":"https:\/\/api.w.org\/{rel}","templated":true}]}}