{"id":86832,"date":"2025-11-13T07:15:00","date_gmt":"2025-11-13T13:15:00","guid":{"rendered":"https:\/\/zonaroja.com.mx\/?p=86832"},"modified":"2025-11-13T06:29:45","modified_gmt":"2025-11-13T12:29:45","slug":"tiene-santa-lucia-del-camino-primer-juzgado-de-atencion-al-maltrato-animal","status":"publish","type":"post","link":"https:\/\/zonaroja.com.mx\/?p=86832","title":{"rendered":"Tiene Santa Luc\u00eda del Camino primer juzgado de atenci\u00f3n al maltrato animal"},"content":{"rendered":"\n<p>Raymundo Morales\/Zona Roja.<\/p>\n\n\n\n<p>Oaxaca, Oax., a 13 de noviembre de 2025.- Santa Luc\u00eda del Camino se convirti\u00f3 en el primer municipio de Oaxaca en contar con un juzgado especializado de combate al maltrato animal, instalado el pasado martes.<\/p>\n\n\n\n<p>Cuenta con abogados especializados y un m\u00e9dico veterinario, as\u00ed como el apoyo del \u00e1rea de seguridad, tanto para recibir quejas como para brindar atenci\u00f3n inmediata a mascotas que sufrieran alg\u00fan da\u00f1o.<\/p>\n\n\n\n<p>\u201cEs un compromiso de campa\u00f1a que realizamos en el 2024, debido a la exigencia y a la necesidad que experimentamos en la primera administraci\u00f3n que encabezamos.<\/p>\n\n\n\n<p>\u201cEl maltrato animal es un problema m\u00e1s recurrente d\u00eda con d\u00eda y que agobia no solamente a los propios animales sino tambi\u00e9n a muchos ciudadanos que se sienten impotentes al ver el maltrato que se infringe a quienes est\u00e1n en completa indefensi\u00f3n\u201d, dijo el edil Juan Carlos Garc\u00eda M\u00e1rquez.<\/p>\n\n\n\n<p>Ante el vicefiscal Samuel Jim\u00e9nez Acevedo, representante del titular de la Fiscal\u00eda General del Estado de Oaxaca, Bernardo Rodr\u00edguez Alamilla, el presidente municipal expuso que es tambi\u00e9n lamentable que muchas veces no se respeten los derechos de las mascotas y los animales en general.<\/p>\n\n\n\n<p>Ponder\u00f3 que actualmente en el estado ya est\u00e1 tipificado en las leyes el maltrato animal e incluso hay penas que van de tres hasta ocho a\u00f1os de prisi\u00f3n, en caso de quitarle la vida a un animal.<\/p>\n\n\n\n<p>\u201cAs\u00ed que es necesario que como autoridad municipal implementemos las acciones preventivas para poder combatir este delito. Ha habido denuncias a trav\u00e9s de redes sociales mediante las cuales nos enteramos de que hay violencia en contra de los animales, que son maltratados, amarrados a la intemperie, sin alimentos\u201d, expuso.<\/p>\n\n\n\n<p>Por ello, apunt\u00f3, se hizo necesario aplicar una estrategia para atender a los animales; el juzgado estar\u00e1 integrado por el director del \u00e1rea jur\u00eddica y con estrecha relaci\u00f3n con seguridad p\u00fablica.<\/p>\n\n\n\n<p>Garc\u00eda M\u00e1rquez abund\u00f3 que esta iniciativa va acompa\u00f1ada con otras medidas, como la implementaci\u00f3n de jornadas de esterilizaci\u00f3n para perros y gatos, como la que tuvo lugar el pasado martes y mi\u00e9rcoles, de manera gratuita.<\/p>\n\n\n\n<p>\u201cEstamos enviando un mensaje, que no vamos a tolerar violencia ni en los animales ni en ning\u00fan \u00e1mbito de nuestro municipio\u201d, expuso, al agradecer el respaldo de la Fiscal\u00eda General.<\/p>\n\n\n\n<p>Cualquier queja por maltrato animal deber\u00e1 presentarse ante las l\u00edneas telef\u00f3nicas de emergencia del ayuntamiento, mismo que ser\u00e1 atendido de inmediato, dijo.<\/p>\n\n\n\n<p>El vicefiscal Samuel Jim\u00e9nez abund\u00f3 por su parte que la Fiscal\u00eda ya cuenta con una unidad especializada contra el maltrato animal y que a su vez cuenta con un protocolo de atenci\u00f3n y detecci\u00f3n de casos.<\/p>\n\n\n\n<p>Se trabaja igualmente con asociaciones civiles de protecci\u00f3n animal, que son fundamentales para esta labor, agreg\u00f3, al reiterar el apoyo institucional al ayuntamiento.<\/p>\n","protected":false},"excerpt":{"rendered":"<p>Raymundo Morales\/Zona Roja. Oaxaca, Oax., a 13 de noviembre de 2025.- Santa Luc\u00eda del Camino&hellip;<\/p>\n","protected":false},"author":2,"featured_media":86815,"comment_status":"closed","ping_status":"open","sticky":false,"template":"","format":"standard","meta":{"_lmt_disableupdate":"","_lmt_disable":"","_jetpack_memberships_contains_paid_content":false,"footnotes":""},"categories":[109,46],"tags":[2533,337],"class_list":["post-86832","post","type-post","status-publish","format-standard","has-post-thumbnail","hentry","category-minuto-a-minuto","category-zona-blanca","tag-juan-carlos-garcia-marquez","tag-santa-lucia-del-camino"],"jetpack_featured_media_url":"https:\/\/zonaroja.com.mx\/wp-content\/uploads\/2025\/11\/Juan-Carlos-Garcia-Marquez-juzgado-maltrato-animal.jpeg","jetpack_sharing_enabled":true,"_links":{"self":[{"href":"https:\/\/zonaroja.com.mx\/index.php?rest_route=\/wp\/v2\/posts\/86832","targetHints":{"allow":["GET"]}}],"collection":[{"href":"https:\/\/zonaroja.com.mx\/index.php?rest_route=\/wp\/v2\/posts"}],"about":[{"href":"https:\/\/zonaroja.com.mx\/index.php?rest_route=\/wp\/v2\/types\/post"}],"author":[{"embeddable":true,"href":"https:\/\/zonaroja.com.mx\/index.php?rest_route=\/wp\/v2\/users\/2"}],"replies":[{"embeddable":true,"href":"https:\/\/zonaroja.com.mx\/index.php?rest_route=%2Fwp%2Fv2%2Fcomments&post=86832"}],"version-history":[{"count":1,"href":"https:\/\/zonaroja.com.mx\/index.php?rest_route=\/wp\/v2\/posts\/86832\/revisions"}],"predecessor-version":[{"id":86833,"href":"https:\/\/zonaroja.com.mx\/index.php?rest_route=\/wp\/v2\/posts\/86832\/revisions\/86833"}],"wp:featuredmedia":[{"embeddable":true,"href":"https:\/\/zonaroja.com.mx\/index.php?rest_route=\/wp\/v2\/media\/86815"}],"wp:attachment":[{"href":"https:\/\/zonaroja.com.mx\/index.php?rest_route=%2Fwp%2Fv2%2Fmedia&parent=86832"}],"wp:term":[{"taxonomy":"category","embeddable":true,"href":"https:\/\/zonaroja.com.mx\/index.php?rest_route=%2Fwp%2Fv2%2Fcategories&post=86832"},{"taxonomy":"post_tag","embeddable":true,"href":"https:\/\/zonaroja.com.mx\/index.php?rest_route=%2Fwp%2Fv2%2Ftags&post=86832"}],"curies":[{"name":"wp","href":"https:\/\/api.w.org\/{rel}","templated":true}]}}