{"id":86834,"date":"2025-11-13T08:00:00","date_gmt":"2025-11-13T14:00:00","guid":{"rendered":"https:\/\/zonaroja.com.mx\/?p=86834"},"modified":"2025-11-13T06:44:33","modified_gmt":"2025-11-13T12:44:33","slug":"matan-a-balazos-a-dos-personas-en-san-pedro-totolapam","status":"publish","type":"post","link":"https:\/\/zonaroja.com.mx\/?p=86834","title":{"rendered":"Matan a balazos a dos personas en San Pedro Totol\u00e1pam"},"content":{"rendered":"\n<p>Ismael Garc\u00eda M.\/Zona Roja.<\/p>\n\n\n\n<p>Oaxaca, Oax., a 13 de noviembre de 2025.- Dos personas del sexo masculino fueron asesinadas ayer mi\u00e9rcoles en San Pedro Totol\u00e1pam, municipio de la regi\u00f3n Valles Centrales de Oaxaca.<\/p>\n\n\n\n<p>De acuerdo con reportes policiacos, los cuerpos de dos j\u00f3venes fueron localizados en la carretera local a Santa Mar\u00eda Zoquitl\u00e1n y presentaban m\u00faltiples impactos de arma de fuego.<\/p>\n\n\n\n<p>Las v\u00edctimas no han sido identificadas hasta el momento pero de acuerdo con la autoridad municipal, no son originarios de Totol\u00e1pam.<\/p>\n\n\n\n<p>Fueron hallados en inmediaciones del paraje \u201cLa Soledad\u201d y los cuerpos estaban separados por unos 200 metros; tienen apariencias de entre 25 y 30 a\u00f1os de edad.<\/p>\n\n\n\n<p>Peritos y agentes de investigaci\u00f3n de la Fiscal\u00eda General del Estado de Oaxaca arribaron al sitio para iniciar las indagatorias correspondientes; de manera preliminar se inform\u00f3 que se hallaron m\u00faltiples casquillos percutidos calibre .22 y .9 mil\u00edmetros.<\/p>\n","protected":false},"excerpt":{"rendered":"<p>Ismael Garc\u00eda M.\/Zona Roja. Oaxaca, Oax., a 13 de noviembre de 2025.- Dos personas del&hellip;<\/p>\n","protected":false},"author":2,"featured_media":86835,"comment_status":"closed","ping_status":"open","sticky":false,"template":"","format":"standard","meta":{"_lmt_disableupdate":"","_lmt_disable":"","_jetpack_memberships_contains_paid_content":false,"footnotes":""},"categories":[109,51],"tags":[1390],"class_list":["post-86834","post","type-post","status-publish","format-standard","has-post-thumbnail","hentry","category-minuto-a-minuto","category-zona-roja","tag-san-pedro-totolapam"],"jetpack_featured_media_url":"https:\/\/zonaroja.com.mx\/wp-content\/uploads\/2025\/11\/Dos-asesinados-San-Pedro-Totolapam.jpg","jetpack_sharing_enabled":true,"_links":{"self":[{"href":"https:\/\/zonaroja.com.mx\/index.php?rest_route=\/wp\/v2\/posts\/86834","targetHints":{"allow":["GET"]}}],"collection":[{"href":"https:\/\/zonaroja.com.mx\/index.php?rest_route=\/wp\/v2\/posts"}],"about":[{"href":"https:\/\/zonaroja.com.mx\/index.php?rest_route=\/wp\/v2\/types\/post"}],"author":[{"embeddable":true,"href":"https:\/\/zonaroja.com.mx\/index.php?rest_route=\/wp\/v2\/users\/2"}],"replies":[{"embeddable":true,"href":"https:\/\/zonaroja.com.mx\/index.php?rest_route=%2Fwp%2Fv2%2Fcomments&post=86834"}],"version-history":[{"count":1,"href":"https:\/\/zonaroja.com.mx\/index.php?rest_route=\/wp\/v2\/posts\/86834\/revisions"}],"predecessor-version":[{"id":86836,"href":"https:\/\/zonaroja.com.mx\/index.php?rest_route=\/wp\/v2\/posts\/86834\/revisions\/86836"}],"wp:featuredmedia":[{"embeddable":true,"href":"https:\/\/zonaroja.com.mx\/index.php?rest_route=\/wp\/v2\/media\/86835"}],"wp:attachment":[{"href":"https:\/\/zonaroja.com.mx\/index.php?rest_route=%2Fwp%2Fv2%2Fmedia&parent=86834"}],"wp:term":[{"taxonomy":"category","embeddable":true,"href":"https:\/\/zonaroja.com.mx\/index.php?rest_route=%2Fwp%2Fv2%2Fcategories&post=86834"},{"taxonomy":"post_tag","embeddable":true,"href":"https:\/\/zonaroja.com.mx\/index.php?rest_route=%2Fwp%2Fv2%2Ftags&post=86834"}],"curies":[{"name":"wp","href":"https:\/\/api.w.org\/{rel}","templated":true}]}}