{"id":86837,"date":"2025-11-13T08:30:00","date_gmt":"2025-11-13T14:30:00","guid":{"rendered":"https:\/\/zonaroja.com.mx\/?p=86837"},"modified":"2025-11-13T07:01:06","modified_gmt":"2025-11-13T13:01:06","slug":"aseguran-que-oaxaca-aportara-pluralismo-juridico-a-nueva-reforma-electoral","status":"publish","type":"post","link":"https:\/\/zonaroja.com.mx\/?p=86837","title":{"rendered":"Aseguran que Oaxaca aportar\u00e1 pluralismo jur\u00eddico a nueva Reforma Electoral"},"content":{"rendered":"\n<p>Redacci\u00f3n\/Zona Roja.&nbsp;<\/p>\n\n\n\n<p>Oaxaca, Oax., a 13 de noviembre de 2025. El gobernador Salom\u00f3n Jara Cruz celebr\u00f3 la realizaci\u00f3n en Oaxaca de la Audiencia P\u00fablica para la Construcci\u00f3n Colectiva de la Reforma Electoral, encaminado a renovar un sistema que garantice comicios m\u00e1s equitativos, transparentes y confiables.<\/p>\n\n\n\n<p>Junto al coordinador General de Pol\u00edtica y Gobierno de la Presidencia de M\u00e9xico, Arturo Zald\u00edvar, el mandatario estatal destac\u00f3 esta iniciativa coordinada por la Comisi\u00f3n Presidencial para la Reforma Electoral, que se encuentra realizando diversos foros en el pa\u00eds para elaborar un documento que recabe las voces, opiniones y an\u00e1lisis del pueblo, como reflejo de la transformaci\u00f3n que vive la naci\u00f3n.<\/p>\n\n\n\n<p>\u201cReiteramos nuestra satisfacci\u00f3n porque esta reforma electoral est\u00e1 siendo reconstruida por el pueblo y no por las \u00e9lites partidistas\u201d, dijo junto las magistradas presidentas de la Sala Regional Xalapa del Tribunal Electoral del Poder Judicial de la Federaci\u00f3n (TEPJF), Roselia Bustillos y del Tribunal Electoral del Estado de Oaxaca (TEEO), Sandra P\u00e9rez.<\/p>\n\n\n\n<p>Jara Cruz asever\u00f3 que al ser Oaxaca el coraz\u00f3n cultural y ling\u00fc\u00edstico de M\u00e9xico, su riqueza no solo se mide en tradiciones y lenguas, sino en la diversidad viva de los sistemas comunitarios que dan sentido a su organizaci\u00f3n social y pol\u00edtica, garantizado con ello la convivencia, el consenso y la legitimidad del poder.<\/p>\n\n\n\n<p>\u201cEste rasgo distintivo tiene una injerencia directa en el derecho electoral mexicano. Estoy convencido de que Oaxaca seguir\u00e1 siendo protagonista de los grandes procesos de transformaci\u00f3n y s\u00e9 que de esta Audiencia Popular saldr\u00e1n grandes aportaciones que ayudar\u00e1n a que la Reforma Electoral reconozca el pluralismo jur\u00eddico y retome lo mejor del sistema social y electoral comunitario\u201d, recalc\u00f3.<\/p>\n\n\n\n<p>En su oportunidad, Zald\u00edvar expres\u00f3 que este encuentro representa un ejercicio democr\u00e1tico que refleja los nuevos tiempos de transformaci\u00f3n institucional.<\/p>\n\n\n\n<figure class=\"wp-block-embed is-type-rich is-provider-twitter wp-block-embed-twitter\"><div class=\"wp-block-embed__wrapper\">\n<div class=\"twitter-tweet\"><blockquote class=\"twitter-tweet\" data-lang=\"es\"><p lang=\"es\" dir=\"ltr\">b.- En su mensaje, el titular del Poder Ejecutivo, <a href=\"https:\/\/twitter.com\/salomonj?ref_src=twsrc%5Etfw\">@salomonj<\/a>, celebr\u00f3 la realizaci\u00f3n en Oaxaca de la audiencia p\u00fablica para la Construcci\u00f3n Colectiva de la Reforma Electoral, encaminada a renovar un sistema que garantice comicios m\u00e1s equitativos, transparentes y confiables.\u2026 <a href=\"https:\/\/t.co\/aVcpMwqq3H\">pic.twitter.com\/aVcpMwqq3H<\/a><\/p>&mdash; Zona Roja Oaxaca (@ZonaRoja_Oaxaca) <a href=\"https:\/\/twitter.com\/ZonaRoja_Oaxaca\/status\/1988725288428015799?ref_src=twsrc%5Etfw\">12 de noviembre de 2025<\/a><\/blockquote><\/div>\n<\/div><\/figure>\n\n\n\n<p>\u201cEsta ser\u00e1 una Reforma que por primera vez no nacer\u00e1 de las \u00e9lites, sino del pueblo. Trataremos de generar una reforma federalista, respetando las peculiaridades de cada estado\u201d, dijo, al tiempo de destacar en este encuentro la participaci\u00f3n de las y los j\u00f3venes, que representan el presente del pa\u00eds.<\/p>\n\n\n\n<p>LA PROPUESTA<\/p>\n\n\n\n<p>Por otra parte, durante la Audiencia P\u00fablica de la Comisi\u00f3n Presidencial para la Reforma Electoral realizada en la capital del estado, el gobernador Jara Cruz propuso la revalorizaci\u00f3n del aporte, vigencia y derecho a decidir de las comunidades de Oaxaca y del pa\u00eds, con la denominaci\u00f3n de los Sistemas Normativos de los Pueblos Originarios.<\/p>\n\n\n\n<p>\u201cLa Reforma Electoral, si ha de ser verdaderamente transformadora, debe comenzar por reconocer la pluralidad jur\u00eddica como una expresi\u00f3n leg\u00edtima de la democracia. Oaxaca aporta esa visi\u00f3n: la de una democracia que no solo se vota, sino que se construye en comunidad\u201d, refiri\u00f3.<\/p>\n\n\n\n<p>En el encuentro, destac\u00f3 que la participaci\u00f3n pol\u00edtica en las comunidades no se impone desde los c\u00f3digos, sino se vive en el consenso, asamblea y palabra compartida.<\/p>\n\n\n\n<p>En este espacio que foment\u00f3 la exposici\u00f3n de las propuestas de diversos sectores de la entidad para fortalecer la democracia de M\u00e9xico, Jara Cruz argument\u00f3 que hoy, el t\u00e9rmino \u201cind\u00edgena\u201d puede tener una carga peyorativa, heredada de una visi\u00f3n colonial.<\/p>\n\n\n\n<p>\u201cNuestros pueblos no son reliquias del pasado, ni sectores marginados que deben ser tutelados; son sujetos colectivos de derecho, herederos de civilizaciones que fundaron la identidad de M\u00e9xico\u201d, se\u00f1al\u00f3.<\/p>\n","protected":false},"excerpt":{"rendered":"<p>Redacci\u00f3n\/Zona Roja.&nbsp; Oaxaca, Oax., a 13 de noviembre de 2025. El gobernador Salom\u00f3n Jara Cruz&hellip;<\/p>\n","protected":false},"author":2,"featured_media":86838,"comment_status":"closed","ping_status":"open","sticky":false,"template":"","format":"standard","meta":{"_lmt_disableupdate":"","_lmt_disable":"","_jetpack_memberships_contains_paid_content":false,"footnotes":""},"categories":[109,46],"tags":[2441],"class_list":["post-86837","post","type-post","status-publish","format-standard","has-post-thumbnail","hentry","category-minuto-a-minuto","category-zona-blanca","tag-salmon-jara-cruz"],"jetpack_featured_media_url":"https:\/\/zonaroja.com.mx\/wp-content\/uploads\/2025\/11\/Salomon-Jara-Arturo-Zaldivar-foro-reforma-electoral.jpeg","jetpack_sharing_enabled":true,"_links":{"self":[{"href":"https:\/\/zonaroja.com.mx\/index.php?rest_route=\/wp\/v2\/posts\/86837","targetHints":{"allow":["GET"]}}],"collection":[{"href":"https:\/\/zonaroja.com.mx\/index.php?rest_route=\/wp\/v2\/posts"}],"about":[{"href":"https:\/\/zonaroja.com.mx\/index.php?rest_route=\/wp\/v2\/types\/post"}],"author":[{"embeddable":true,"href":"https:\/\/zonaroja.com.mx\/index.php?rest_route=\/wp\/v2\/users\/2"}],"replies":[{"embeddable":true,"href":"https:\/\/zonaroja.com.mx\/index.php?rest_route=%2Fwp%2Fv2%2Fcomments&post=86837"}],"version-history":[{"count":1,"href":"https:\/\/zonaroja.com.mx\/index.php?rest_route=\/wp\/v2\/posts\/86837\/revisions"}],"predecessor-version":[{"id":86839,"href":"https:\/\/zonaroja.com.mx\/index.php?rest_route=\/wp\/v2\/posts\/86837\/revisions\/86839"}],"wp:featuredmedia":[{"embeddable":true,"href":"https:\/\/zonaroja.com.mx\/index.php?rest_route=\/wp\/v2\/media\/86838"}],"wp:attachment":[{"href":"https:\/\/zonaroja.com.mx\/index.php?rest_route=%2Fwp%2Fv2%2Fmedia&parent=86837"}],"wp:term":[{"taxonomy":"category","embeddable":true,"href":"https:\/\/zonaroja.com.mx\/index.php?rest_route=%2Fwp%2Fv2%2Fcategories&post=86837"},{"taxonomy":"post_tag","embeddable":true,"href":"https:\/\/zonaroja.com.mx\/index.php?rest_route=%2Fwp%2Fv2%2Ftags&post=86837"}],"curies":[{"name":"wp","href":"https:\/\/api.w.org\/{rel}","templated":true}]}}