{"id":86840,"date":"2025-11-13T09:15:00","date_gmt":"2025-11-13T15:15:00","guid":{"rendered":"https:\/\/zonaroja.com.mx\/?p=86840"},"modified":"2025-11-13T07:45:54","modified_gmt":"2025-11-13T13:45:54","slug":"reciben-con-gases-al-magisterio-en-la-cdmx-rechazan-version-de-segob","status":"publish","type":"post","link":"https:\/\/zonaroja.com.mx\/?p=86840","title":{"rendered":"Reciben con gases al magisterio en la Cdmx; rechazan versi\u00f3n de Segob"},"content":{"rendered":"\n<p>Ismael Garc\u00eda M.\/Zona Roja.<\/p>\n\n\n\n<p>Oaxaca, Oax., a 13 de noviembre de 2025.- Maestros de la Secci\u00f3n 22 de Oaxaca y de otros gremios adheridos a la Coordinadora Nacional de Trabajadores de la Educaci\u00f3n (CNTE) fueron agredidos con gas lacrim\u00f3geno en la Ciudad de M\u00e9xico.<\/p>\n\n\n\n<p>Los mentores arribaron de madrugada al z\u00f3calo de la capital del pa\u00eds para iniciar su \u201cplant\u00f3n\u201d y paro de labores de 48 horas; en el contingente participa el 20 por ciento de afiliados a la Secci\u00f3n 22 de Oaxaca.<\/p>\n\n\n\n<p>Los docentes intentaron ingresar por la fuerza al Palacio Nacional, derribando vallas; sin embargo, fueron repelidos por los polic\u00edas y militares con cartuchos de gas lacrim\u00f3geno, por lo cual los docentes se replegaron; sin embargo, en respuesta prev\u00e9n radicalizar sus acciones.<\/p>\n\n\n\n<p>EL RECHAZO<\/p>\n\n\n\n<p>Previo a ello, ayer mi\u00e9rcoles la gremial que encabeza Yenny Aracely P\u00e9rez Mart\u00ednez, refut\u00f3 las declaraciones de la titular de la Secretar\u00eda de Gobernaci\u00f3n, Rosa Icela Rodr\u00edguez, respecto a que se han atendido todas las demandas con la aplicaci\u00f3n de recursos millonarios.<\/p>\n\n\n\n<p>\u201cRechazamos la dilaci\u00f3n que el gobierno federal ha sostenido con el magisterio disidente de la CNTE, pues no han dado cumplimiento en tiempo y forma a los compromisos establecidos en las minutas firmadas.&nbsp;<\/p>\n\n\n\n<p>\u201cReafirmamos que nuestra principal demanda es la abrogaci\u00f3n de la Ley del ISSSTE de 2007, una jubilaci\u00f3n por a\u00f1os de servicio y el regreso al r\u00e9gimen solidario de pensiones que asegure una jubilaci\u00f3n justa y digna para todas y todos los trabajadores al servicio del estado, promesa a\u00fan incumplida por la presidenta.<\/p>\n\n\n\n<p>\u201cLa realidad en Oaxaca desmiente el discurso oficial\u201d, a\u00f1adi\u00f3, al precisar que seg\u00fan el gobierno se han mejorado los procesos administrativos, la infraestructura y las condiciones de las escuelas de Oaxaca.<\/p>\n\n\n\n<p>\u201cAfirmaciones que desmentimos. \ufeff\ufeffNo se han entregado equipos de c\u00f3mputo a las m\u00e1s de 11 mil escuelas de educaci\u00f3n b\u00e1sica y media superior, a pesar de que fue un acuerdo desde el a\u00f1o 2024.<\/p>\n\n\n\n<p>\u201c\ufeff\ufeffLa entrega del recurso para los uniformes escolares 2024-2025 est\u00e1 inconclusa, aunado a que el monto ha sido insuficiente para la adquisici\u00f3n de un uniforme completo.<\/p>\n\n\n\n<p>\u201c\ufeff\ufeffNo hay presupuesto asignado para uniformes escolares correspondientes al ciclo escolar 2025-2026. \ufeff\ufeffEl mobiliario escolar entregado es simb\u00f3lico: paquetes de 30 sillas para escuelas con m\u00e1s de mil alumnos. \ufeff\ufeff<\/p>\n\n\n\n<p>\u201cExisten pendientes administrativos de todos los niveles educativos, por la falta de seguimiento desde la Secretar\u00eda de Educaci\u00f3n P\u00fablica y los lineamientos vigentes de la USICAMM.<\/p>\n\n\n\n<p>\u201cRechazamos cualquier intento de descalificar, minimizar o criminalizar la protesta social y sindical. Las afirmaciones vertidas por la funcionaria federal son inexactas y buscan confundir a la sociedad, presentando una falsa imagen de di\u00e1logo, cumplimiento y avance. Gobernar implica escuchar y solucionar las demandas leg\u00edtimas del pueblo, no silenciar su voz\u201d, expuso en su comunicado.<\/p>\n\n\n\n<p>Hasta el momento no ha habido posicionamiento de la Secci\u00f3n 22 del SNTE respecto a la agresi\u00f3n ocurrida la ma\u00f1ana de este jueves en el exterior del Palacio Nacional.<\/p>\n","protected":false},"excerpt":{"rendered":"<p>Ismael Garc\u00eda M.\/Zona Roja. Oaxaca, Oax., a 13 de noviembre de 2025.- Maestros de la&hellip;<\/p>\n","protected":false},"author":2,"featured_media":86842,"comment_status":"closed","ping_status":"open","sticky":false,"template":"","format":"standard","meta":{"_lmt_disableupdate":"","_lmt_disable":"","_jetpack_memberships_contains_paid_content":false,"footnotes":""},"categories":[109,47],"tags":[1283,312],"class_list":["post-86840","post","type-post","status-publish","format-standard","has-post-thumbnail","hentry","category-minuto-a-minuto","category-zona-gris","tag-coordinadora-nacional-de-trabajadores-de-la-educacion-cnte","tag-seccion-22-del-snte"],"jetpack_featured_media_url":"https:\/\/zonaroja.com.mx\/wp-content\/uploads\/2025\/11\/Gas-lacrimogeno-CNTe-Seccion-22-Cdmx.jpg","jetpack_sharing_enabled":true,"_links":{"self":[{"href":"https:\/\/zonaroja.com.mx\/index.php?rest_route=\/wp\/v2\/posts\/86840","targetHints":{"allow":["GET"]}}],"collection":[{"href":"https:\/\/zonaroja.com.mx\/index.php?rest_route=\/wp\/v2\/posts"}],"about":[{"href":"https:\/\/zonaroja.com.mx\/index.php?rest_route=\/wp\/v2\/types\/post"}],"author":[{"embeddable":true,"href":"https:\/\/zonaroja.com.mx\/index.php?rest_route=\/wp\/v2\/users\/2"}],"replies":[{"embeddable":true,"href":"https:\/\/zonaroja.com.mx\/index.php?rest_route=%2Fwp%2Fv2%2Fcomments&post=86840"}],"version-history":[{"count":1,"href":"https:\/\/zonaroja.com.mx\/index.php?rest_route=\/wp\/v2\/posts\/86840\/revisions"}],"predecessor-version":[{"id":86843,"href":"https:\/\/zonaroja.com.mx\/index.php?rest_route=\/wp\/v2\/posts\/86840\/revisions\/86843"}],"wp:featuredmedia":[{"embeddable":true,"href":"https:\/\/zonaroja.com.mx\/index.php?rest_route=\/wp\/v2\/media\/86842"}],"wp:attachment":[{"href":"https:\/\/zonaroja.com.mx\/index.php?rest_route=%2Fwp%2Fv2%2Fmedia&parent=86840"}],"wp:term":[{"taxonomy":"category","embeddable":true,"href":"https:\/\/zonaroja.com.mx\/index.php?rest_route=%2Fwp%2Fv2%2Fcategories&post=86840"},{"taxonomy":"post_tag","embeddable":true,"href":"https:\/\/zonaroja.com.mx\/index.php?rest_route=%2Fwp%2Fv2%2Ftags&post=86840"}],"curies":[{"name":"wp","href":"https:\/\/api.w.org\/{rel}","templated":true}]}}